{"id":1190,"date":"2019-04-18T16:48:21","date_gmt":"2019-04-18T14:48:21","guid":{"rendered":"https:\/\/www.andrawis-akademie.com\/?p=1190"},"modified":"2019-05-30T14:24:13","modified_gmt":"2019-05-30T12:24:13","slug":"trouble-anxieux-generalise-cim-10-v-f41-1","status":"publish","type":"post","link":"https:\/\/www.andrawis-akademie.com\/fr\/trouble-anxieux-generalise-cim-10-v-f41-1\/","title":{"rendered":"Trouble anxieux g\u00e9n\u00e9ralis\u00e9 CIM. 10 V. F41.1"},"content":{"rendered":"\n<style type=\"text\/css\" data-created_by=\"avia_inline_auto\" id=\"style-css-av-2w98nq-43e82ec3ccdb7ab805cdf9eb0d3a0c6e\">\n.flex_column.av-2w98nq-43e82ec3ccdb7ab805cdf9eb0d3a0c6e{\nborder-radius:0px 0px 0px 0px;\npadding:0px 0px 0px 0px;\n}\n<\/style>\n<div  class='flex_column av-2w98nq-43e82ec3ccdb7ab805cdf9eb0d3a0c6e av_one_full  avia-builder-el-0  avia-builder-el-no-sibling  first flex_column_div av-zero-column-padding  '     ><section  class='av_textblock_section av-jumrf1p3-8c56dd3cbfe2d2a73f7d91eaab52d43e '   itemscope=\"itemscope\" itemtype=\"https:\/\/schema.org\/BlogPosting\" itemprop=\"blogPost\" ><div class='avia_textblock'  itemprop=\"text\" ><h1 style=\"text-align: center;\">Trouble anxieux g\u00e9n\u00e9ralis\u00e9 CIM. 10 V. F41.1<\/h1>\n<p><strong>Et DSM-5 code 300. 82.<\/strong><\/p>\n<p>Diagnostic des troubles anxieux g\u00e9n\u00e9ralis\u00e9s selon la classification internationale des troubles mentaux. CIM-10 Chapitre V. F. Lignes directrices sur le diagnostic clinique et Code DSM-5 (Dilling et al. 2008).<\/p>\n<p style=\"text-align: center;\"><strong>D\u00e9finition<\/strong><\/p>\n<p>La peur qui dure longtemps est g\u00e9n\u00e9ralis\u00e9e et ne vise pas des objets ou des situations sp\u00e9cifiques. Il flotte librement et, contrairement \u00e0 la peur, ne constitue pas une menace r\u00e9elle. L&rsquo;hyperexcitabilit\u00e9 v\u00e9g\u00e9tative et la tension motrice sont \u00e9galement des sympt\u00f4mes associ\u00e9s \u00e0 l&rsquo;anxi\u00e9t\u00e9.<br \/>\nLa distinction entre le trouble anxieux g\u00e9n\u00e9ralis\u00e9 et les autres troubles anxieux est tr\u00e8s compliqu\u00e9e. Dans le pass\u00e9, la diminution du rendement au travail, l&rsquo;hypervigilance, l&rsquo;attention accrue, l&rsquo;alarmisme, les sentiments de tension, ainsi que l&rsquo;irritabilit\u00e9 et les troubles du sommeil \u00e9taient tous d\u00e9crits comme des sympt\u00f4mes de n\u00e9vrose anxieuse : Brunhuber et Lieb consid\u00e8rent les troubles anxieux g\u00e9n\u00e9ralis\u00e9s comme des troubles associ\u00e9s aux plaintes chroniques (Brunnhuber et Lieb 2000).3.3 Diagnostic &#8211; Diagnostic diff\u00e9rentiel<br \/>\nIl est essentiel pour le diagnostic d&rsquo;un trouble anxieux de savoir s&rsquo;il s&rsquo;agit d&rsquo;une anxi\u00e9t\u00e9 primaire ou si ce sympt\u00f4me est une autre maladie mentale. M\u00f6ller et coll. soulignent l&rsquo;importance de faire la distinction entre la d\u00e9pression et les sympt\u00f4mes d&rsquo;anxi\u00e9t\u00e9, ainsi que la distinction avec le trouble anxieux g\u00e9n\u00e9ralis\u00e9. Si cette s\u00e9paration n&rsquo;est pas facile, il faut pr\u00e9ciser si le sympt\u00f4me principal est l&rsquo;anxi\u00e9t\u00e9 elle-m\u00eame (M\u00f6ller et al. 2005).<br \/>\nChez les patients atteints d&rsquo;un trouble anxieux g\u00e9n\u00e9ralis\u00e9, l&rsquo;anamn\u00e8se se concentre sur la question. Il convient de s&rsquo;enqu\u00e9rir de la pr\u00e9occupation excessive des patients pour les questions familiales, financi\u00e8res et professionnelles qu&rsquo;ils ne peuvent contr\u00f4ler. Et le trouble anxieux g\u00e9n\u00e9ralis\u00e9 ne doit pas \u00eatre m\u00e9lang\u00e9 \u00e0 d&rsquo;autres troubles anxieux, comme les psychoses organiques, les psychoses endog\u00e8nes ou les troubles psychog\u00e8nes, les troubles phobiques F40, les \u00e9pisodes d\u00e9pressifs F32, le trouble panique F14.0, le trouble obsessionnel-compulsif F42, ainsi que la neurasth\u00e9nie F48.0. Selon Brunhuber et ses collaborateurs (200), le trouble anxieux g\u00e9n\u00e9ralis\u00e9 survient habituellement entre 20 et 30 ans.<\/p>\n<p style=\"text-align: center;\"><strong>4.2 Recommandation en th\u00e9rapie<\/strong><\/p>\n<p>Dans le traitement des troubles anxieux g\u00e9n\u00e9ralis\u00e9s, l&rsquo;accent ne doit pas \u00eatre mis uniquement sur les sympt\u00f4mes, mais plut\u00f4t sur la base de l&rsquo;\u00e9volution de leurs causes et sur la mani\u00e8re de les combattre. D&rsquo;une part, le m\u00e9decin ou le th\u00e9rapeute doit prendre suffisamment de temps pour son patient et d&rsquo;autre part, la motivation du patient joue un r\u00f4le d\u00e9cisif. La personne affect\u00e9e devrait se tenir debout et reconna\u00eetre que cette peur est la principale plainte (M\u00f6ller et al. 2005).<br \/>\nUne conversation avec un patient seul peut \u00eatre utile. La relation de partenariat dans les th\u00e9rapies doit repr\u00e9senter une coop\u00e9ration durable et appr\u00e9ciative. La fr\u00e9quence de ce trouble peut \u00eatre d\u00e9finie par sa pr\u00e9valence au cours de la vie, qui touche environ 7 \u00e0 8 % plus de femmes que d&rsquo;hommes. La caract\u00e9ristique caract\u00e9ristique de ce trouble est la peur exag\u00e9r\u00e9e, surtout en ce qui concerne les circonstances de la vie. Les peurs et les angoisses peuvent \u00eatre, par exemple, des inqui\u00e9tudes au sujet de son propre enfant, comme la peur que quelque chose arrive \u00e0 l&rsquo;enfant. L&rsquo;anxi\u00e9t\u00e9 constante au sujet de l&rsquo;argent, les peurs existentielles et les peurs au sujet de l&rsquo;avenir peuvent \u00e9galement se produire. Ces craintes doivent durer longtemps pour \u00eatre d\u00e9finies comme un trouble anxieux g\u00e9n\u00e9ralis\u00e9. La dur\u00e9e du DSM-IV est de 6 mois. Dans la CIM-10 V. F. est parl\u00e9 d&rsquo;une dur\u00e9e de plusieurs semaines. Pendant ce temps, les patients r\u00e9agissent g\u00e9n\u00e9ralement avec distanciation ou distraction. Les principaux signes de ces sympt\u00f4mes sont l&rsquo;agitation, les tremblements, la tension musculaire, que l&rsquo;on peut aussi appeler tension motrice. Sur le plan v\u00e9g\u00e9tatif, l&rsquo;hyperexcitabilit\u00e9, l&rsquo;anxi\u00e9t\u00e9 et l&rsquo;essoufflement sont pr\u00e9sents (M\u00f6ller et al. 2005). Dilling et al (2011) \u00e9num\u00e8rent \u00e9galement les sympt\u00f4mes individuels suivants : tension motrice, s\u00e9cheresse de la bouche, douleurs abdominales sup\u00e9rieures, tachypnoe\/tachycardie, \u00c9tourdissements, maux de t\u00eate de tension, transpiration, probl\u00e8mes de concentration, nervosit\u00e9 et inqui\u00e9tude au sujet d&rsquo;un malheur futur. Les principaux sympt\u00f4mes du trouble anxieux g\u00e9n\u00e9ralis\u00e9 se manifestent sur plusieurs semaines (ibid.).<\/p>\n<p style=\"text-align: center;\"><strong>4.3 Diagnostic selon le DSM-IV<\/strong><\/p>\n<p>Selon le DSM-IV, les troubles anxieux de ce genre sont des inqui\u00e9tudes et des angoisses disproportionn\u00e9es face \u00e0 divers \u00e9v\u00e9nements et activit\u00e9s qui doivent durer au moins 6 mois. La prise en charge de l&rsquo;anxi\u00e9t\u00e9 a un impact n\u00e9gatif sur la vie professionnelle, sociale et quotidienne. Les personnes touch\u00e9es ont de la difficult\u00e9 \u00e0 ma\u00eetriser leurs souffrances, leur anxi\u00e9t\u00e9 et leur anxi\u00e9t\u00e9. D&rsquo;autres signes sont l&rsquo;anxi\u00e9t\u00e9 et la peur disproportionn\u00e9es, ainsi que la peur des \u00e9v\u00e9nements quotidiens et le sentiment de culpabilit\u00e9.<br \/>\nPour combattre ces sympt\u00f4mes, la compr\u00e9hension et l&#8217;empathie sont au premier plan. Les pr\u00e9occupations et les sympt\u00f4mes du patient doivent \u00eatre pris au s\u00e9rieux, en particulier la perception subjective du point de vue du patient. Cela signifie que la plainte ne doit pas \u00eatre per\u00e7ue comme une illusion, mais comme une r\u00e9alit\u00e9. Les proches doivent \u00eatre inform\u00e9s et \u00e9duqu\u00e9s. M\u00f6ller et al. mettent l&rsquo;accent sur les approches pharmacologiques et la d\u00e9tection par des m\u00e9thodes psychanalytiques joue un r\u00f4le important (M\u00f6ller et al. 2005).<\/p>\n<p style=\"text-align: center;\"><strong>4.4 Surmonter l&rsquo;anxi\u00e9t\u00e9 en psychanalyse<\/strong><\/p>\n<p>Dans la psychanalyse, le patient est consid\u00e9r\u00e9 de fa\u00e7on holistique : Tout est important et pris au s\u00e9rieux, non seulement les sympt\u00f4mes et leur souffrance, mais aussi leurs causes. Les m\u00e9thodes psychanalytiques s&rsquo;efforcent donc d&rsquo;\u00e9tudier les troubles anxieux sous-jacents et de traiter les r\u00e9pressions et les traumatismes de la petite enfance. L&rsquo;objectif principal est la strat\u00e9gie pour surmonter l&rsquo;anxi\u00e9t\u00e9. Le traitement doit \u00eatre effectu\u00e9 en continu pendant plusieurs ann\u00e9es. Cela s&rsquo;explique par le fait qu&rsquo;il ne s&rsquo;agit pas seulement de faire face aux troubles anxieux, mais aussi de d\u00e9couvrir les d\u00e9ficiences structurelles sous-jacentes qui sont n\u00e9es de la relation objet, la triangulation: m\u00e8re, p\u00e8re, enfant, du fait de la faiblesse du moi (M\u00f6ller et al. 2005). Il se peut que votre comportement enfantin ne croit plus en lui-m\u00eame.<\/p>\n<p><strong>Univ. Prof. Dr. Andrawis<\/strong><\/p>\n<p><a href=\"https:\/\/www.andrawis-akademie.com\/wp-content\/uploads\/2019\/04\/3.-Trouble-anxieux-g\u00e9n\u00e9ralis\u00e9-Fr.pdf\"><img loading=\"lazy\" decoding=\"async\" class=\"aligncenter wp-image-3071\" src=\"https:\/\/www.andrawis-akademie.com\/wp-content\/uploads\/2019\/04\/download_pdf_button_png_413958-300x87.png\" alt=\"\" width=\"180\" height=\"52\" srcset=\"https:\/\/www.andrawis-akademie.com\/wp-content\/uploads\/2019\/04\/download_pdf_button_png_413958-300x87.png 300w, https:\/\/www.andrawis-akademie.com\/wp-content\/uploads\/2019\/04\/download_pdf_button_png_413958-450x130.png 450w, https:\/\/www.andrawis-akademie.com\/wp-content\/uploads\/2019\/04\/download_pdf_button_png_413958.png 520w\" sizes=\"auto, (max-width: 180px) 100vw, 180px\" \/><\/a><\/p>\n<\/div><\/section><\/div>\n","protected":false},"excerpt":{"rendered":"","protected":false},"author":5,"featured_media":0,"comment_status":"open","ping_status":"open","sticky":false,"template":"","format":"standard","meta":{"footnotes":""},"categories":[51],"tags":[],"class_list":["post-1190","post","type-post","status-publish","format-standard","hentry","category-articles-medicaux"],"yoast_head":"<!-- This site is optimized with the Yoast SEO plugin v27.3 - https:\/\/yoast.com\/product\/yoast-seo-wordpress\/ -->\n<title>Trouble anxieux g\u00e9n\u00e9ralis\u00e9 CIM. 10 V. F41.1 - Prof. Dr. Andrawis Akademie f\u00fcr Ganzheitliche Medizin Psychosomatik und Psychotherapie<\/title>\n<meta name=\"robots\" content=\"index, follow, max-snippet:-1, max-image-preview:large, max-video-preview:-1\" \/>\n<link rel=\"canonical\" href=\"https:\/\/www.andrawis-akademie.com\/fr\/trouble-anxieux-generalise-cim-10-v-f41-1\/\" \/>\n<meta property=\"og:locale\" content=\"fr_FR\" \/>\n<meta property=\"og:type\" content=\"article\" \/>\n<meta property=\"og:title\" content=\"Trouble anxieux g\u00e9n\u00e9ralis\u00e9 CIM. 10 V. F41.1 - Prof. Dr. Andrawis Akademie f\u00fcr Ganzheitliche Medizin Psychosomatik und Psychotherapie\" \/>\n<meta property=\"og:url\" content=\"https:\/\/www.andrawis-akademie.com\/fr\/trouble-anxieux-generalise-cim-10-v-f41-1\/\" \/>\n<meta property=\"og:site_name\" content=\"Prof. Dr. Andrawis Akademie f\u00fcr Ganzheitliche Medizin Psychosomatik und Psychotherapie\" \/>\n<meta property=\"article:published_time\" content=\"2019-04-18T14:48:21+00:00\" \/>\n<meta property=\"article:modified_time\" content=\"2019-05-30T12:24:13+00:00\" \/>\n<meta property=\"og:image\" content=\"https:\/\/www.andrawis-akademie.com\/wp-content\/uploads\/2019\/04\/download_pdf_button_png_413958-300x87.png\" \/>\n<meta name=\"author\" content=\"Viktor Toth\" \/>\n<meta name=\"twitter:card\" content=\"summary_large_image\" \/>\n<meta name=\"twitter:label1\" content=\"\u00c9crit par\" \/>\n\t<meta name=\"twitter:data1\" content=\"Viktor Toth\" \/>\n\t<meta name=\"twitter:label2\" content=\"Dur\u00e9e de lecture estim\u00e9e\" \/>\n\t<meta name=\"twitter:data2\" content=\"6 minutes\" \/>\n<script type=\"application\/ld+json\" class=\"yoast-schema-graph\">{\"@context\":\"https:\\\/\\\/schema.org\",\"@graph\":[{\"@type\":\"Article\",\"@id\":\"https:\\\/\\\/www.andrawis-akademie.com\\\/fr\\\/trouble-anxieux-generalise-cim-10-v-f41-1\\\/#article\",\"isPartOf\":{\"@id\":\"https:\\\/\\\/www.andrawis-akademie.com\\\/fr\\\/trouble-anxieux-generalise-cim-10-v-f41-1\\\/\"},\"author\":{\"name\":\"Viktor Toth\",\"@id\":\"https:\\\/\\\/www.andrawis-akademie.com\\\/fr\\\/#\\\/schema\\\/person\\\/742f3ef4c1a559bc9bb5f27939c2fb0a\"},\"headline\":\"Trouble anxieux g\u00e9n\u00e9ralis\u00e9 CIM. 10 V. F41.1\",\"datePublished\":\"2019-04-18T14:48:21+00:00\",\"dateModified\":\"2019-05-30T12:24:13+00:00\",\"mainEntityOfPage\":{\"@id\":\"https:\\\/\\\/www.andrawis-akademie.com\\\/fr\\\/trouble-anxieux-generalise-cim-10-v-f41-1\\\/\"},\"wordCount\":1232,\"commentCount\":0,\"image\":{\"@id\":\"https:\\\/\\\/www.andrawis-akademie.com\\\/fr\\\/trouble-anxieux-generalise-cim-10-v-f41-1\\\/#primaryimage\"},\"thumbnailUrl\":\"https:\\\/\\\/www.andrawis-akademie.com\\\/wp-content\\\/uploads\\\/2019\\\/04\\\/download_pdf_button_png_413958-300x87.png\",\"articleSection\":[\"2.Articles M\u00e9dicaux\"],\"inLanguage\":\"fr-FR\"},{\"@type\":\"WebPage\",\"@id\":\"https:\\\/\\\/www.andrawis-akademie.com\\\/fr\\\/trouble-anxieux-generalise-cim-10-v-f41-1\\\/\",\"url\":\"https:\\\/\\\/www.andrawis-akademie.com\\\/fr\\\/trouble-anxieux-generalise-cim-10-v-f41-1\\\/\",\"name\":\"Trouble anxieux g\u00e9n\u00e9ralis\u00e9 CIM. 10 V. F41.1 - Prof. Dr. Andrawis Akademie f\u00fcr Ganzheitliche Medizin Psychosomatik und Psychotherapie\",\"isPartOf\":{\"@id\":\"https:\\\/\\\/www.andrawis-akademie.com\\\/fr\\\/#website\"},\"primaryImageOfPage\":{\"@id\":\"https:\\\/\\\/www.andrawis-akademie.com\\\/fr\\\/trouble-anxieux-generalise-cim-10-v-f41-1\\\/#primaryimage\"},\"image\":{\"@id\":\"https:\\\/\\\/www.andrawis-akademie.com\\\/fr\\\/trouble-anxieux-generalise-cim-10-v-f41-1\\\/#primaryimage\"},\"thumbnailUrl\":\"https:\\\/\\\/www.andrawis-akademie.com\\\/wp-content\\\/uploads\\\/2019\\\/04\\\/download_pdf_button_png_413958-300x87.png\",\"datePublished\":\"2019-04-18T14:48:21+00:00\",\"dateModified\":\"2019-05-30T12:24:13+00:00\",\"author\":{\"@id\":\"https:\\\/\\\/www.andrawis-akademie.com\\\/fr\\\/#\\\/schema\\\/person\\\/742f3ef4c1a559bc9bb5f27939c2fb0a\"},\"breadcrumb\":{\"@id\":\"https:\\\/\\\/www.andrawis-akademie.com\\\/fr\\\/trouble-anxieux-generalise-cim-10-v-f41-1\\\/#breadcrumb\"},\"inLanguage\":\"fr-FR\",\"potentialAction\":[{\"@type\":\"ReadAction\",\"target\":[\"https:\\\/\\\/www.andrawis-akademie.com\\\/fr\\\/trouble-anxieux-generalise-cim-10-v-f41-1\\\/\"]}]},{\"@type\":\"ImageObject\",\"inLanguage\":\"fr-FR\",\"@id\":\"https:\\\/\\\/www.andrawis-akademie.com\\\/fr\\\/trouble-anxieux-generalise-cim-10-v-f41-1\\\/#primaryimage\",\"url\":\"https:\\\/\\\/www.andrawis-akademie.com\\\/wp-content\\\/uploads\\\/2019\\\/04\\\/download_pdf_button_png_413958-300x87.png\",\"contentUrl\":\"https:\\\/\\\/www.andrawis-akademie.com\\\/wp-content\\\/uploads\\\/2019\\\/04\\\/download_pdf_button_png_413958-300x87.png\"},{\"@type\":\"BreadcrumbList\",\"@id\":\"https:\\\/\\\/www.andrawis-akademie.com\\\/fr\\\/trouble-anxieux-generalise-cim-10-v-f41-1\\\/#breadcrumb\",\"itemListElement\":[{\"@type\":\"ListItem\",\"position\":1,\"name\":\"Startseite\",\"item\":\"https:\\\/\\\/www.andrawis-akademie.com\\\/fr\\\/\"},{\"@type\":\"ListItem\",\"position\":2,\"name\":\"Trouble anxieux g\u00e9n\u00e9ralis\u00e9 CIM. 10 V. F41.1\"}]},{\"@type\":\"WebSite\",\"@id\":\"https:\\\/\\\/www.andrawis-akademie.com\\\/fr\\\/#website\",\"url\":\"https:\\\/\\\/www.andrawis-akademie.com\\\/fr\\\/\",\"name\":\"Prof. Dr. Andrawis Akademie f\u00fcr Ganzheitliche Medizin Psychosomatik und Psychotherapie\",\"description\":\"Prof. Dr. Andrawis Andrawis Psychotherapie - Wissenschaft &amp; Psychoanalyse\",\"potentialAction\":[{\"@type\":\"SearchAction\",\"target\":{\"@type\":\"EntryPoint\",\"urlTemplate\":\"https:\\\/\\\/www.andrawis-akademie.com\\\/fr\\\/?s={search_term_string}\"},\"query-input\":{\"@type\":\"PropertyValueSpecification\",\"valueRequired\":true,\"valueName\":\"search_term_string\"}}],\"inLanguage\":\"fr-FR\"},{\"@type\":\"Person\",\"@id\":\"https:\\\/\\\/www.andrawis-akademie.com\\\/fr\\\/#\\\/schema\\\/person\\\/742f3ef4c1a559bc9bb5f27939c2fb0a\",\"name\":\"Viktor Toth\",\"image\":{\"@type\":\"ImageObject\",\"inLanguage\":\"fr-FR\",\"@id\":\"https:\\\/\\\/secure.gravatar.com\\\/avatar\\\/3f782e6f56d5ccd59c2514ab8afb24b8a235e2c9632835123a4d4a9a5539e073?s=96&d=mm&r=g\",\"url\":\"https:\\\/\\\/secure.gravatar.com\\\/avatar\\\/3f782e6f56d5ccd59c2514ab8afb24b8a235e2c9632835123a4d4a9a5539e073?s=96&d=mm&r=g\",\"contentUrl\":\"https:\\\/\\\/secure.gravatar.com\\\/avatar\\\/3f782e6f56d5ccd59c2514ab8afb24b8a235e2c9632835123a4d4a9a5539e073?s=96&d=mm&r=g\",\"caption\":\"Viktor Toth\"},\"url\":\"https:\\\/\\\/www.andrawis-akademie.com\\\/fr\\\/author\\\/t-vektor007gmail-com\\\/\"}]}<\/script>\n<!-- \/ Yoast SEO plugin. -->","yoast_head_json":{"title":"Trouble anxieux g\u00e9n\u00e9ralis\u00e9 CIM. 10 V. F41.1 - Prof. Dr. Andrawis Akademie f\u00fcr Ganzheitliche Medizin Psychosomatik und Psychotherapie","robots":{"index":"index","follow":"follow","max-snippet":"max-snippet:-1","max-image-preview":"max-image-preview:large","max-video-preview":"max-video-preview:-1"},"canonical":"https:\/\/www.andrawis-akademie.com\/fr\/trouble-anxieux-generalise-cim-10-v-f41-1\/","og_locale":"fr_FR","og_type":"article","og_title":"Trouble anxieux g\u00e9n\u00e9ralis\u00e9 CIM. 10 V. F41.1 - Prof. Dr. Andrawis Akademie f\u00fcr Ganzheitliche Medizin Psychosomatik und Psychotherapie","og_url":"https:\/\/www.andrawis-akademie.com\/fr\/trouble-anxieux-generalise-cim-10-v-f41-1\/","og_site_name":"Prof. Dr. Andrawis Akademie f\u00fcr Ganzheitliche Medizin Psychosomatik und Psychotherapie","article_published_time":"2019-04-18T14:48:21+00:00","article_modified_time":"2019-05-30T12:24:13+00:00","og_image":[{"url":"https:\/\/www.andrawis-akademie.com\/wp-content\/uploads\/2019\/04\/download_pdf_button_png_413958-300x87.png","type":"","width":"","height":""}],"author":"Viktor Toth","twitter_card":"summary_large_image","twitter_misc":{"\u00c9crit par":"Viktor Toth","Dur\u00e9e de lecture estim\u00e9e":"6 minutes"},"schema":{"@context":"https:\/\/schema.org","@graph":[{"@type":"Article","@id":"https:\/\/www.andrawis-akademie.com\/fr\/trouble-anxieux-generalise-cim-10-v-f41-1\/#article","isPartOf":{"@id":"https:\/\/www.andrawis-akademie.com\/fr\/trouble-anxieux-generalise-cim-10-v-f41-1\/"},"author":{"name":"Viktor Toth","@id":"https:\/\/www.andrawis-akademie.com\/fr\/#\/schema\/person\/742f3ef4c1a559bc9bb5f27939c2fb0a"},"headline":"Trouble anxieux g\u00e9n\u00e9ralis\u00e9 CIM. 10 V. F41.1","datePublished":"2019-04-18T14:48:21+00:00","dateModified":"2019-05-30T12:24:13+00:00","mainEntityOfPage":{"@id":"https:\/\/www.andrawis-akademie.com\/fr\/trouble-anxieux-generalise-cim-10-v-f41-1\/"},"wordCount":1232,"commentCount":0,"image":{"@id":"https:\/\/www.andrawis-akademie.com\/fr\/trouble-anxieux-generalise-cim-10-v-f41-1\/#primaryimage"},"thumbnailUrl":"https:\/\/www.andrawis-akademie.com\/wp-content\/uploads\/2019\/04\/download_pdf_button_png_413958-300x87.png","articleSection":["2.Articles M\u00e9dicaux"],"inLanguage":"fr-FR"},{"@type":"WebPage","@id":"https:\/\/www.andrawis-akademie.com\/fr\/trouble-anxieux-generalise-cim-10-v-f41-1\/","url":"https:\/\/www.andrawis-akademie.com\/fr\/trouble-anxieux-generalise-cim-10-v-f41-1\/","name":"Trouble anxieux g\u00e9n\u00e9ralis\u00e9 CIM. 10 V. F41.1 - Prof. Dr. Andrawis Akademie f\u00fcr Ganzheitliche Medizin Psychosomatik und Psychotherapie","isPartOf":{"@id":"https:\/\/www.andrawis-akademie.com\/fr\/#website"},"primaryImageOfPage":{"@id":"https:\/\/www.andrawis-akademie.com\/fr\/trouble-anxieux-generalise-cim-10-v-f41-1\/#primaryimage"},"image":{"@id":"https:\/\/www.andrawis-akademie.com\/fr\/trouble-anxieux-generalise-cim-10-v-f41-1\/#primaryimage"},"thumbnailUrl":"https:\/\/www.andrawis-akademie.com\/wp-content\/uploads\/2019\/04\/download_pdf_button_png_413958-300x87.png","datePublished":"2019-04-18T14:48:21+00:00","dateModified":"2019-05-30T12:24:13+00:00","author":{"@id":"https:\/\/www.andrawis-akademie.com\/fr\/#\/schema\/person\/742f3ef4c1a559bc9bb5f27939c2fb0a"},"breadcrumb":{"@id":"https:\/\/www.andrawis-akademie.com\/fr\/trouble-anxieux-generalise-cim-10-v-f41-1\/#breadcrumb"},"inLanguage":"fr-FR","potentialAction":[{"@type":"ReadAction","target":["https:\/\/www.andrawis-akademie.com\/fr\/trouble-anxieux-generalise-cim-10-v-f41-1\/"]}]},{"@type":"ImageObject","inLanguage":"fr-FR","@id":"https:\/\/www.andrawis-akademie.com\/fr\/trouble-anxieux-generalise-cim-10-v-f41-1\/#primaryimage","url":"https:\/\/www.andrawis-akademie.com\/wp-content\/uploads\/2019\/04\/download_pdf_button_png_413958-300x87.png","contentUrl":"https:\/\/www.andrawis-akademie.com\/wp-content\/uploads\/2019\/04\/download_pdf_button_png_413958-300x87.png"},{"@type":"BreadcrumbList","@id":"https:\/\/www.andrawis-akademie.com\/fr\/trouble-anxieux-generalise-cim-10-v-f41-1\/#breadcrumb","itemListElement":[{"@type":"ListItem","position":1,"name":"Startseite","item":"https:\/\/www.andrawis-akademie.com\/fr\/"},{"@type":"ListItem","position":2,"name":"Trouble anxieux g\u00e9n\u00e9ralis\u00e9 CIM. 10 V. F41.1"}]},{"@type":"WebSite","@id":"https:\/\/www.andrawis-akademie.com\/fr\/#website","url":"https:\/\/www.andrawis-akademie.com\/fr\/","name":"Prof. Dr. Andrawis Akademie f\u00fcr Ganzheitliche Medizin Psychosomatik und Psychotherapie","description":"Prof. Dr. Andrawis Andrawis Psychotherapie - Wissenschaft &amp; Psychoanalyse","potentialAction":[{"@type":"SearchAction","target":{"@type":"EntryPoint","urlTemplate":"https:\/\/www.andrawis-akademie.com\/fr\/?s={search_term_string}"},"query-input":{"@type":"PropertyValueSpecification","valueRequired":true,"valueName":"search_term_string"}}],"inLanguage":"fr-FR"},{"@type":"Person","@id":"https:\/\/www.andrawis-akademie.com\/fr\/#\/schema\/person\/742f3ef4c1a559bc9bb5f27939c2fb0a","name":"Viktor Toth","image":{"@type":"ImageObject","inLanguage":"fr-FR","@id":"https:\/\/secure.gravatar.com\/avatar\/3f782e6f56d5ccd59c2514ab8afb24b8a235e2c9632835123a4d4a9a5539e073?s=96&d=mm&r=g","url":"https:\/\/secure.gravatar.com\/avatar\/3f782e6f56d5ccd59c2514ab8afb24b8a235e2c9632835123a4d4a9a5539e073?s=96&d=mm&r=g","contentUrl":"https:\/\/secure.gravatar.com\/avatar\/3f782e6f56d5ccd59c2514ab8afb24b8a235e2c9632835123a4d4a9a5539e073?s=96&d=mm&r=g","caption":"Viktor Toth"},"url":"https:\/\/www.andrawis-akademie.com\/fr\/author\/t-vektor007gmail-com\/"}]}},"_links":{"self":[{"href":"https:\/\/www.andrawis-akademie.com\/fr\/wp-json\/wp\/v2\/posts\/1190","targetHints":{"allow":["GET"]}}],"collection":[{"href":"https:\/\/www.andrawis-akademie.com\/fr\/wp-json\/wp\/v2\/posts"}],"about":[{"href":"https:\/\/www.andrawis-akademie.com\/fr\/wp-json\/wp\/v2\/types\/post"}],"author":[{"embeddable":true,"href":"https:\/\/www.andrawis-akademie.com\/fr\/wp-json\/wp\/v2\/users\/5"}],"replies":[{"embeddable":true,"href":"https:\/\/www.andrawis-akademie.com\/fr\/wp-json\/wp\/v2\/comments?post=1190"}],"version-history":[{"count":2,"href":"https:\/\/www.andrawis-akademie.com\/fr\/wp-json\/wp\/v2\/posts\/1190\/revisions"}],"predecessor-version":[{"id":3181,"href":"https:\/\/www.andrawis-akademie.com\/fr\/wp-json\/wp\/v2\/posts\/1190\/revisions\/3181"}],"wp:attachment":[{"href":"https:\/\/www.andrawis-akademie.com\/fr\/wp-json\/wp\/v2\/media?parent=1190"}],"wp:term":[{"taxonomy":"category","embeddable":true,"href":"https:\/\/www.andrawis-akademie.com\/fr\/wp-json\/wp\/v2\/categories?post=1190"},{"taxonomy":"post_tag","embeddable":true,"href":"https:\/\/www.andrawis-akademie.com\/fr\/wp-json\/wp\/v2\/tags?post=1190"}],"curies":[{"name":"wp","href":"https:\/\/api.w.org\/{rel}","templated":true}]}}