{"id":1103,"date":"2019-04-18T14:26:25","date_gmt":"2019-04-18T12:26:25","guid":{"rendered":"https:\/\/www.andrawis-akademie.com\/?p=1103"},"modified":"2020-07-08T13:14:10","modified_gmt":"2020-07-08T11:14:10","slug":"pierwsze-wrazenie-dziecka-na-temat","status":"publish","type":"post","link":"https:\/\/www.andrawis-akademie.com\/pl\/pierwsze-wrazenie-dziecka-na-temat\/","title":{"rendered":"Pierwsze wra\u017cenie dziecka na temat"},"content":{"rendered":"\n<style type=\"text\/css\" data-created_by=\"avia_inline_auto\" id=\"style-css-av-9163j-fd199e017fc2705b436f5c7536f1674c\">\n.flex_column.av-9163j-fd199e017fc2705b436f5c7536f1674c{\nborder-radius:0px 0px 0px 0px;\npadding:0px 0px 0px 0px;\n}\n<\/style>\n<div  class='flex_column av-9163j-fd199e017fc2705b436f5c7536f1674c av_one_full  avia-builder-el-0  avia-builder-el-no-sibling  first flex_column_div av-zero-column-padding  '     ><section  class='av_textblock_section av-jummcfah-050e0ff67234e6cfdc1875bc06154cc8 '   itemscope=\"itemscope\" itemtype=\"https:\/\/schema.org\/BlogPosting\" itemprop=\"blogPost\" ><div class='avia_textblock'  itemprop=\"text\" ><h1 style=\"text-align: center;\"><strong>Nasz \u015bwiat mo\u017ce by\u0107 pi\u0119kny! \u00a0 \u00a0<\/strong><\/h1>\n<p><strong>\u00a0<\/strong><strong> <a href=\"https:\/\/andrawis-akademie.com\/wp-content\/uploads\/2019\/04\/erster_eindruck_des_kindes.png\"><img loading=\"lazy\" decoding=\"async\" class=\"size-full wp-image-479 aligncenter\" src=\"https:\/\/andrawis-akademie.com\/wp-content\/uploads\/2019\/04\/erster_eindruck_des_kindes.png\" alt=\"\" width=\"472\" height=\"276\" srcset=\"https:\/\/www.andrawis-akademie.com\/wp-content\/uploads\/2019\/04\/erster_eindruck_des_kindes.png 472w, https:\/\/www.andrawis-akademie.com\/wp-content\/uploads\/2019\/04\/erster_eindruck_des_kindes-300x175.png 300w, https:\/\/www.andrawis-akademie.com\/wp-content\/uploads\/2019\/04\/erster_eindruck_des_kindes-450x263.png 450w\" sizes=\"auto, (max-width: 472px) 100vw, 472px\" \/><\/a><\/strong><\/p>\n<p style=\"text-align: center;\"><strong>W\u0142asne \u017ar\u00f3d\u0142o Andrawis A, (2008).<\/strong><\/p>\n<p><strong>\u00a0<\/strong><\/p>\n<p style=\"text-align: center;\"><strong>Pierwsze wra\u017cenie dziecka na temat zwi\u0105zku rodzinnego<\/strong><\/p>\n<p><a href=\"https:\/\/andrawis-akademie.com\/wp-content\/uploads\/2019\/04\/erster_eindruck_des_kindes_2.png\"><img loading=\"lazy\" decoding=\"async\" class=\"size-full wp-image-483 aligncenter\" src=\"https:\/\/andrawis-akademie.com\/wp-content\/uploads\/2019\/04\/erster_eindruck_des_kindes_2.png\" alt=\"\" width=\"1106\" height=\"743\" srcset=\"https:\/\/www.andrawis-akademie.com\/wp-content\/uploads\/2019\/04\/erster_eindruck_des_kindes_2.png 1106w, https:\/\/www.andrawis-akademie.com\/wp-content\/uploads\/2019\/04\/erster_eindruck_des_kindes_2-300x202.png 300w, https:\/\/www.andrawis-akademie.com\/wp-content\/uploads\/2019\/04\/erster_eindruck_des_kindes_2-768x516.png 768w, https:\/\/www.andrawis-akademie.com\/wp-content\/uploads\/2019\/04\/erster_eindruck_des_kindes_2-1030x692.png 1030w, https:\/\/www.andrawis-akademie.com\/wp-content\/uploads\/2019\/04\/erster_eindruck_des_kindes_2-705x474.png 705w, https:\/\/www.andrawis-akademie.com\/wp-content\/uploads\/2019\/04\/erster_eindruck_des_kindes_2-450x302.png 450w\" sizes=\"auto, (max-width: 1106px) 100vw, 1106px\" \/><\/a><\/p>\n<p style=\"text-align: center;\">Rys. 1 z w\u0142asnego \u017ar\u00f3d\u0142a: (Andrawis A, 2018).<\/p>\n<p>Jak wspomnia\u0142 autor, (2018); jest to pierwsze wra\u017cenie relacji rodzinnych dziecka. Jest to proces, kt\u00f3ry ma miejsce w zwi\u0105zku z \u017cyciem, od wczesnej fazy obrz\u0119ku do doros\u0142o\u015bci. W relacji w\u0142asnej zale\u017cy to od tego, kt\u00f3re do\u015bwiadczenia kszta\u0142tuj\u0105 dziecko, kt\u00f3re wra\u017cenia w sensie pozytywnym lub negatywnym przyczyniaj\u0105 si\u0119 do niepowodzenia lub sukcesu zwi\u0105zku (tam\u017ce).<\/p>\n<p style=\"text-align: center;\"><a name=\"_Toc513033291\"><\/a><a name=\"_Toc512304128\"><\/a><b> Pierwsze wra\u017cenie dziecka\u00a0<\/b><\/p>\n<p>Pierwszym zwi\u0105zkiem dla dziecka jest zwi\u0105zek rodzinny, sk\u0142adaj\u0105cy si\u0119 z ojca, matki i dzieci. Dziecko uzyskuje pierwsze wra\u017cenie, jak zwi\u0105zek dzia\u0142a poprzez zwi\u0105zek rodzicielski. Widz\u0105, jak rodzice radz\u0105 sobie z konfliktami lub jak okazuj\u0105 uczucia. Na podstawie tych wra\u017ce\u0144 dziecko uczy si\u0119, jak dzia\u0142aj\u0105 relacje.<br \/>\nWiemy jednak, \u017ce codzienny stres ma wp\u0142yw na \u017cycie rodzinne, a oboje rodzice zazwyczaj pracuj\u0105. W Andrawis A (2018) prowadzi to do konieczno\u015bci opieki nad dzieckiem poza domem. Rodzice s\u0105 nadmiernie obci\u0105\u017ceni sk\u0142adnikami psychospo\u0142ecznymi, co stanowi obci\u0105\u017cenie dla \u017cycia rodzinnego. To akumuluje konflikty, stres, zaburzenia r\u00f3wnowagi i dysfunkcjonalno\u015b\u0107 harmonii. Rodzice, pod wp\u0142ywem w\u0142asnych represjonowanych traum, do\u015bwiadczaj\u0105 nast\u0119pnie projekcji w \u017cyciu rodzinnym. Przejawia si\u0119 to w postaci neurotycznych zjawisk transmisji, co prowadzi do destrukcyjnych dzieci\u0119cych wzorc\u00f3w zachowa\u0144 zjawisk nie\u015bwiadomych i przeciwtransmisyjnych.<br \/>\nW ten spos\u00f3b rozwijaj\u0105 si\u0119 k\u0142\u00f3tnie i ambiwalentne uczucia, a tak\u017ce negatywne wra\u017cenia dziecka. Mo\u017cliwe, \u017ce dziecko czuje si\u0119 winne tej eskalacji i samo rozwija poczucie winy. Sytuacja ta cz\u0119sto utrzymuje si\u0119 a\u017c do okresu dojrzewania. Nast\u0119pnie m\u0142odzi ludzie chc\u0105 wyj\u015b\u0107 z domu rodzic\u00f3w i stworzy\u0107 w\u0142asne \u017cycie, jak r\u00f3wnie\u017c prowadzi\u0107 w\u0142asny zwi\u0105zek (tam\u017ce).<a name=\"_Toc513033292\"><\/a><a name=\"_Toc512304129\"><\/a><a name=\"_Toc512304129\"><\/a><\/p>\n<p style=\"text-align: center;\"><strong>Drugi zwi\u0105zek &#8211; zwi\u0105zki po okresie dojrzewania <\/strong><\/p>\n<p>&#8222;Na w\u0142asnej drodze w poszukiwaniu idealnych obraz\u00f3w ojca-matki, a tak\u017ce pierwotnej mi\u0142o\u015bci i zaufania, oczekiwania m\u0142odych ludzi s\u0105 bardzo wysokie. Pragnienie idealnej formy relacji jest celem&#8221;, Andrawis (2018). Teraz nie nale\u017cy zapomina\u0107, \u017ce obecny zwi\u0105zek pary stoi w obliczu trudnych warunk\u00f3w. &#8222;Obydwa s\u0105 przepe\u0142nione wczesnymi represjami i traumami. Negatywne wra\u017cenia uzyskane poprzez rodzicielstwo prowadz\u0105 do w\u0142asnych \u015bcis\u0142ych schemat\u00f3w relacji, kolorowanych przez strach przed pora\u017ck\u0105.<br \/>\nW szerszym sensie pojawiaj\u0105 si\u0119 projekcje represjonowanej nie\u015bwiadomo\u015bci, co utrudnia ludziom wsp\u00f3lne \u017cycie, a tym samym nara\u017ca ich na ryzyko niepowodzenia relacji.<br \/>\nIdealne figury matki i ojca nie s\u0105 spe\u0142nione ani znalezione. Nagromadzony stres, nadmierne wymagania i odnowione projekcje prowadz\u0105 do niepowodzenia relacji, poniewa\u017c nie mo\u017cna spe\u0142ni\u0107 idealnego oczekiwania tej relacji i oczekiwa\u0144 wielkiej mi\u0142o\u015bci. Relacja skazana jest na niepowodzenie. Ponownie negatywne do\u015bwiadczenia prowadz\u0105 do rozczarowania, uraz\u00f3w i utraty mi\u0142o\u015bci i &#8222;b\u00f3lu serca&#8221;. M\u0142odzi ludzie ograniczaj\u0105 swoje serca i pojawiaj\u0105 si\u0119 podzia\u0142y (tam\u017ce).<\/p>\n<p><strong>\u00a0<\/strong><\/p>\n<p style=\"text-align: center;\"><a name=\"_Toc513033293\"><\/a><a name=\"_Toc512304130\"><\/a><strong>Trzeci zwi\u0105zek &#8211; zwi\u0105zki w doros\u0142ym \u017cyciu<\/strong><\/p>\n<p>W doros\u0142ym \u017cyciu ludzie ponownie szukaj\u0105 idealnego partnera i sposobu na wyj\u015bcie z choroby i b\u00f3lu serca. W zwi\u0105zku mo\u017ce si\u0119 zdarzy\u0107, \u017ce jeden z partner\u00f3w nie mo\u017ce si\u0119 zaanga\u017cowa\u0107 z obawy przed utrat\u0105. Kolekcja traum z rodziny pochodzenia, a tak\u017ce uraz\u00f3w i rozczarowa\u0144 z w\u0142asnych relacji i destrukcyjno-fantile wzorc\u00f3w zachowa\u0144, kt\u00f3rym towarzysz\u0105 wzajemne projekcje, prowadz\u0105 do dysfunkcjonalno\u015bci harmonii, deficyt\u00f3w komunikacyjnych i niespe\u0142nionych oczekiwa\u0144.<br \/>\nPonadto istniej\u0105 braki w naturalnej seksualno\u015bci\/genitalno\u015bci. Przez seksualno\u015b\u0107 biologiczn\u0105 nale\u017cy rozumie\u0107 ca\u0142o\u015b\u0107 ekspresji \u017cycia, tak\u0105 jak emocje i interakcje w relacjach mi\u0119dzyludzkich z uwzgl\u0119dnieniem czynnik\u00f3w spo\u0142ecznych, kulturowych i psychologicznych. Dla por\u00f3wnania, genitalityczno\u015b\u0107 nale\u017cy rozumie\u0107 jako orgazmow\u0105 wzajemn\u0105 satysfakcj\u0119, koniec aktu seksualno\u015bci.<br \/>\nBez zdolno\u015bci do anga\u017cowania si\u0119 w relacje z drugim cz\u0142owiekiem, zwi\u0105zek jest skazany na niepowodzenie (tam\u017ce).<\/p>\n<p><strong>\u00a0<\/strong><\/p>\n<p style=\"text-align: center;\"><a name=\"_Toc513033294\"><\/a><a name=\"_Toc512304131\"><\/a><strong>Czwarta relacja &#8211; relacje w wysokim doros\u0142ym \u017cyciu<\/strong><\/p>\n<p>Na tym etapie relacji, rytua\u0142 cz\u0119stej zmiany partnera jest zintegrowany. Coraz wi\u0119cej jest nie\u015bwiadomych projekcji. Do\u015bwiadczenia z wcze\u015bniejszych Relacje podlegaj\u0105 por\u00f3wnaniu pod wzgl\u0119dem seksualno\u015bci i cech charakteru. Niemowl\u0119ce destrukcyjne wzorce zachowa\u0144 s\u0105 wleczone.<a name=\"_Toc513033295\"><\/a><a name=\"_Toc512304132\"><\/a><\/p>\n<p style=\"text-align: center;\"><strong>Pi\u0105ty zwi\u0105zek &#8211; kolejne zwi\u0105zki <\/strong><\/p>\n<p>Przyzwyczajeni do rytua\u0142u cz\u0119sto zmieniaj\u0105cych si\u0119 partner\u00f3w, zachowuj\u0105 si\u0119 &#8222;k\u0142ucie oczami&#8221;, potajemne mru\u017cenie oczu na ewentualnych partner\u00f3w, a co za tym idzie &#8211; na genitalityczno\u015b\u0107 i uzale\u017cnienie seksualne. Relacja nie wystarczy dla partnera. Jeden z nich to poszukiwanie niespe\u0142nionej pierwotnej mi\u0142o\u015bci, podstawowego zaufania i idealnego wizerunku ojca i matki. Jak okre\u015bli\u0142 to Andrawis (2018) jako metafor\u0119.<br \/>\n&#8222;Podczas podr\u00f3\u017cy \u017cyciowej w poszukiwaniu spe\u0142nionego partnerstwa, wielokrotnie napotykasz na rozczarowania zwi\u0105zane z brakiem idealnego partnera. W rzeczywisto\u015bci nie\u015bwiadomie poszukuje si\u0119 idealnego ojca i matki&#8221; (tam\u017ce).<br \/>\nPierwotna mi\u0142o\u015b\u0107 i zaufanie, jak ju\u017c wspomniano powy\u017cej. Na drodze poszukiwa\u0144 i rytua\u0142u dalszych poszukiwa\u0144 pojawiaj\u0105 si\u0119 kompulsywne powt\u00f3rzenia zmiany partnera, seksualno\u015bci i p\u0142ciowo\u015bci. To rytualne poszukiwanie mo\u017cna opisa\u0107 jako uzale\u017cnienie, kt\u00f3re przejawia si\u0119 w patologicznych objawach. Faktem jest, \u017ce nikt nie chce \u015bwiadomie torturowa\u0107 siebie lub swojego partnera lub obci\u0105\u017ca\u0107 ich win\u0105 i ambiwalentnym zachowaniem. Ka\u017cdy chce idealnej relacji, otwartej, uczciwej i zr\u00f3wnowa\u017conej wobec partnera. Niestety, nie mo\u017ce to by\u0107 spe\u0142nione, poniewa\u017c wszystkie infantylno-destrukcyjne, nie\u015bwiadome wzorce zachowa\u0144 wp\u0142ywaj\u0105 na \u015bwiadomo\u015b\u0107. Oznacza to, \u017ce zawsze chce si\u0119 czyni\u0107 dobrze, ale jest dok\u0142adnie w paradoksie.<\/p>\n<p style=\"text-align: center;\"><strong>Z Paw\u0142em w NT.:<\/strong><\/p>\n<p>&#8222;Wiem, \u017ce we mnie nie mieszka nic dobrego, to znaczy, \u017ce w ciele moim; wola jest ze mn\u0105, ale nie jestem w stanie zrealizowa\u0107 dobra. Bo nie czyni\u0119 dobra, kt\u00f3rego chc\u0119, ale z\u0142a, kt\u00f3rego nie chc\u0119. Ale je\u015bli robi\u0119 to, czego nie chc\u0119, to ju\u017c nie jestem tym, kt\u00f3ry to czyni, ale grzechem, kt\u00f3ry we mnie mieszka&#8230;. \u017ce z\u0142o istnieje we mnie, chocia\u017c chc\u0119 czyni\u0107 dobro&#8230; inne prawo w moich cz\u0142onkach, kt\u00f3re jest sprzeczne z prawem mojego rozumu i utrzymuje mnie w wi\u0119zieniu z prawem grzechu, kt\u00f3re rz\u0105dzi moimi cz\u0142onkami. Jestem nieszcz\u0119\u015bliwym cz\u0142owiekiem! Kto b\u0119dzie&#8230;..&#8221;? (NT.Rom.7:18-25 p.1637).<br \/>\nJak podkre\u015bla Pawe\u0142, w naszej kondycji fizyczno-psychicznej (cia\u0142o nie ma dobrych dom\u00f3w) z psychoanalitycznego punktu widzenia, punkt do destrukcyjnych wzorc\u00f3w zachowa\u0144 infantylnych nie\u015bwiadomych i ich negatywny wp\u0142yw na relacje mi\u0119dzyludzkie. Oznacza to, \u017ce z\u0142o mieszka w naszym ciele. W rzeczywisto\u015bci ka\u017cdy chce czyni\u0107 dobrze, ale niestety nie udaje si\u0119. Wbrew mojej woli, st\u0142umiona nie\u015bwiadomo\u015b\u0107 ma wp\u0142yw na moje dzia\u0142ania. M\u00f3j rozum k\u0142\u00f3ci si\u0119 z moim destrukcyjnym zachowaniem, poniewa\u017c nie udaje mi si\u0119 czyni\u0107 dobro, ale z\u0142o. Do tej pory ta k\u0142\u00f3tnia mi\u0119dzy moim rozumem a st\u0142umionymi przeze mnie traumami prowadzi, poniewa\u017c nie uda\u0142o mi si\u0119 zrobi\u0107 dobra zgodnie z moim rozumem tak dalece, \u017ce cierpi\u0119 z powodu symptomu winy. . (Andrawis A, 2018).<br \/>\nNie\u015bwiadomo\u015b\u0107 i jej wp\u0142yw na wz\u00f3r zachowania odnosi si\u0119 nie tylko do \u015bwi\u0119tych, ale tak\u017ce do nas wszystkich.<br \/>\nPrzyczyny niepowodze\u0144 w harmonijnych relacjach opieraj\u0105 si\u0119 na faktach projekcji i nierozwi\u0105zywalnych konflikt\u00f3w partnerskich, poczuciu winy i depresji. Zazwyczaj poszukuje si\u0119 tzw. koz\u0142a ofiarnego dla w\u0142asnego niespe\u0142nionego \u017cycia mi\u0142osnego poprzez reprezentacj\u0119 obcych przedmiot\u00f3w. Termin &#8222;reprezentacja cia\u0142a obcego&#8221; zawiera s\u0142owo obiekt (czyli relacja pomi\u0119dzy dzieckiem, matk\u0105, piersi\u0105 i matk\u0105) i wywodzi si\u0119 z do\u015bwiadczenia relacji obiektowej traum wczesnego dzieci\u0144stwa. S\u0105 to podstawowe z\u0142o separacji i rozwod\u00f3w, jak r\u00f3wnie\u017c powa\u017cnych konflikt\u00f3w spo\u0142ecznych.<\/p>\n<p><strong>Univ. Prof. Dr. Andrawis<\/strong><\/p>\n<p><a href=\"https:\/\/www.andrawis-akademie.com\/wp-content\/uploads\/2019\/04\/2.-Pierwsze-wra\u017cenie-Pl.pdf\"><img loading=\"lazy\" decoding=\"async\" class=\"aligncenter wp-image-3072\" src=\"https:\/\/www.andrawis-akademie.com\/wp-content\/uploads\/2019\/04\/download_pdf_button_png_413958-300x87.png\" alt=\"\" width=\"180\" height=\"52\" srcset=\"https:\/\/www.andrawis-akademie.com\/wp-content\/uploads\/2019\/04\/download_pdf_button_png_413958-300x87.png 300w, https:\/\/www.andrawis-akademie.com\/wp-content\/uploads\/2019\/04\/download_pdf_button_png_413958-450x130.png 450w, https:\/\/www.andrawis-akademie.com\/wp-content\/uploads\/2019\/04\/download_pdf_button_png_413958.png 520w\" sizes=\"auto, (max-width: 180px) 100vw, 180px\" \/><\/a><\/p>\n<\/div><\/section><\/div>\n","protected":false},"excerpt":{"rendered":"","protected":false},"author":5,"featured_media":0,"comment_status":"open","ping_status":"open","sticky":false,"template":"","format":"standard","meta":{"footnotes":""},"categories":[7],"tags":[],"class_list":["post-1103","post","type-post","status-publish","format-standard","hentry","category-tematy-psychoanalutyczne"],"yoast_head":"<!-- This site is optimized with the Yoast SEO plugin v27.3 - https:\/\/yoast.com\/product\/yoast-seo-wordpress\/ -->\n<title>Pierwsze wra\u017cenie dziecka na temat - Prof. Dr. Andrawis Akademie f\u00fcr Ganzheitliche Medizin Psychosomatik und Psychotherapie<\/title>\n<meta name=\"robots\" content=\"index, follow, max-snippet:-1, max-image-preview:large, max-video-preview:-1\" \/>\n<link rel=\"canonical\" href=\"https:\/\/www.andrawis-akademie.com\/pl\/pierwsze-wrazenie-dziecka-na-temat\/\" \/>\n<meta property=\"og:locale\" content=\"pl_PL\" \/>\n<meta property=\"og:type\" content=\"article\" \/>\n<meta property=\"og:title\" content=\"Pierwsze wra\u017cenie dziecka na temat - Prof. Dr. Andrawis Akademie f\u00fcr Ganzheitliche Medizin Psychosomatik und Psychotherapie\" \/>\n<meta property=\"og:url\" content=\"https:\/\/www.andrawis-akademie.com\/pl\/pierwsze-wrazenie-dziecka-na-temat\/\" \/>\n<meta property=\"og:site_name\" content=\"Prof. Dr. Andrawis Akademie f\u00fcr Ganzheitliche Medizin Psychosomatik und Psychotherapie\" \/>\n<meta property=\"article:published_time\" content=\"2019-04-18T12:26:25+00:00\" \/>\n<meta property=\"article:modified_time\" content=\"2020-07-08T11:14:10+00:00\" \/>\n<meta property=\"og:image\" content=\"https:\/\/andrawis-akademie.com\/wp-content\/uploads\/2019\/04\/erster_eindruck_des_kindes.png\" \/>\n<meta name=\"author\" content=\"Viktor Toth\" \/>\n<meta name=\"twitter:card\" content=\"summary_large_image\" \/>\n<meta name=\"twitter:label1\" content=\"Napisane przez\" \/>\n\t<meta name=\"twitter:data1\" content=\"Viktor Toth\" \/>\n\t<meta name=\"twitter:label2\" content=\"Szacowany czas czytania\" \/>\n\t<meta name=\"twitter:data2\" content=\"7 minut\" \/>\n<script type=\"application\/ld+json\" class=\"yoast-schema-graph\">{\"@context\":\"https:\\\/\\\/schema.org\",\"@graph\":[{\"@type\":\"Article\",\"@id\":\"https:\\\/\\\/www.andrawis-akademie.com\\\/pl\\\/pierwsze-wrazenie-dziecka-na-temat\\\/#article\",\"isPartOf\":{\"@id\":\"https:\\\/\\\/www.andrawis-akademie.com\\\/pl\\\/pierwsze-wrazenie-dziecka-na-temat\\\/\"},\"author\":{\"name\":\"Viktor Toth\",\"@id\":\"https:\\\/\\\/www.andrawis-akademie.com\\\/pl\\\/#\\\/schema\\\/person\\\/742f3ef4c1a559bc9bb5f27939c2fb0a\"},\"headline\":\"Pierwsze wra\u017cenie dziecka na temat\",\"datePublished\":\"2019-04-18T12:26:25+00:00\",\"dateModified\":\"2020-07-08T11:14:10+00:00\",\"mainEntityOfPage\":{\"@id\":\"https:\\\/\\\/www.andrawis-akademie.com\\\/pl\\\/pierwsze-wrazenie-dziecka-na-temat\\\/\"},\"wordCount\":1445,\"commentCount\":0,\"image\":{\"@id\":\"https:\\\/\\\/www.andrawis-akademie.com\\\/pl\\\/pierwsze-wrazenie-dziecka-na-temat\\\/#primaryimage\"},\"thumbnailUrl\":\"https:\\\/\\\/andrawis-akademie.com\\\/wp-content\\\/uploads\\\/2019\\\/04\\\/erster_eindruck_des_kindes.png\",\"articleSection\":[\"1.Tematy psychoanalutyczne\"],\"inLanguage\":\"pl-PL\"},{\"@type\":\"WebPage\",\"@id\":\"https:\\\/\\\/www.andrawis-akademie.com\\\/pl\\\/pierwsze-wrazenie-dziecka-na-temat\\\/\",\"url\":\"https:\\\/\\\/www.andrawis-akademie.com\\\/pl\\\/pierwsze-wrazenie-dziecka-na-temat\\\/\",\"name\":\"Pierwsze wra\u017cenie dziecka na temat - Prof. Dr. Andrawis Akademie f\u00fcr Ganzheitliche Medizin Psychosomatik und Psychotherapie\",\"isPartOf\":{\"@id\":\"https:\\\/\\\/www.andrawis-akademie.com\\\/pl\\\/#website\"},\"primaryImageOfPage\":{\"@id\":\"https:\\\/\\\/www.andrawis-akademie.com\\\/pl\\\/pierwsze-wrazenie-dziecka-na-temat\\\/#primaryimage\"},\"image\":{\"@id\":\"https:\\\/\\\/www.andrawis-akademie.com\\\/pl\\\/pierwsze-wrazenie-dziecka-na-temat\\\/#primaryimage\"},\"thumbnailUrl\":\"https:\\\/\\\/andrawis-akademie.com\\\/wp-content\\\/uploads\\\/2019\\\/04\\\/erster_eindruck_des_kindes.png\",\"datePublished\":\"2019-04-18T12:26:25+00:00\",\"dateModified\":\"2020-07-08T11:14:10+00:00\",\"author\":{\"@id\":\"https:\\\/\\\/www.andrawis-akademie.com\\\/pl\\\/#\\\/schema\\\/person\\\/742f3ef4c1a559bc9bb5f27939c2fb0a\"},\"breadcrumb\":{\"@id\":\"https:\\\/\\\/www.andrawis-akademie.com\\\/pl\\\/pierwsze-wrazenie-dziecka-na-temat\\\/#breadcrumb\"},\"inLanguage\":\"pl-PL\",\"potentialAction\":[{\"@type\":\"ReadAction\",\"target\":[\"https:\\\/\\\/www.andrawis-akademie.com\\\/pl\\\/pierwsze-wrazenie-dziecka-na-temat\\\/\"]}]},{\"@type\":\"ImageObject\",\"inLanguage\":\"pl-PL\",\"@id\":\"https:\\\/\\\/www.andrawis-akademie.com\\\/pl\\\/pierwsze-wrazenie-dziecka-na-temat\\\/#primaryimage\",\"url\":\"https:\\\/\\\/andrawis-akademie.com\\\/wp-content\\\/uploads\\\/2019\\\/04\\\/erster_eindruck_des_kindes.png\",\"contentUrl\":\"https:\\\/\\\/andrawis-akademie.com\\\/wp-content\\\/uploads\\\/2019\\\/04\\\/erster_eindruck_des_kindes.png\"},{\"@type\":\"BreadcrumbList\",\"@id\":\"https:\\\/\\\/www.andrawis-akademie.com\\\/pl\\\/pierwsze-wrazenie-dziecka-na-temat\\\/#breadcrumb\",\"itemListElement\":[{\"@type\":\"ListItem\",\"position\":1,\"name\":\"Startseite\",\"item\":\"https:\\\/\\\/www.andrawis-akademie.com\\\/pl\\\/home\\\/\"},{\"@type\":\"ListItem\",\"position\":2,\"name\":\"Pierwsze wra\u017cenie dziecka na temat\"}]},{\"@type\":\"WebSite\",\"@id\":\"https:\\\/\\\/www.andrawis-akademie.com\\\/pl\\\/#website\",\"url\":\"https:\\\/\\\/www.andrawis-akademie.com\\\/pl\\\/\",\"name\":\"Prof. Dr. Andrawis Akademie f\u00fcr Ganzheitliche Medizin Psychosomatik und Psychotherapie\",\"description\":\"Prof. Dr. Andrawis Andrawis Psychotherapie - Wissenschaft &amp; Psychoanalyse\",\"potentialAction\":[{\"@type\":\"SearchAction\",\"target\":{\"@type\":\"EntryPoint\",\"urlTemplate\":\"https:\\\/\\\/www.andrawis-akademie.com\\\/pl\\\/?s={search_term_string}\"},\"query-input\":{\"@type\":\"PropertyValueSpecification\",\"valueRequired\":true,\"valueName\":\"search_term_string\"}}],\"inLanguage\":\"pl-PL\"},{\"@type\":\"Person\",\"@id\":\"https:\\\/\\\/www.andrawis-akademie.com\\\/pl\\\/#\\\/schema\\\/person\\\/742f3ef4c1a559bc9bb5f27939c2fb0a\",\"name\":\"Viktor Toth\",\"image\":{\"@type\":\"ImageObject\",\"inLanguage\":\"pl-PL\",\"@id\":\"https:\\\/\\\/secure.gravatar.com\\\/avatar\\\/3f782e6f56d5ccd59c2514ab8afb24b8a235e2c9632835123a4d4a9a5539e073?s=96&d=mm&r=g\",\"url\":\"https:\\\/\\\/secure.gravatar.com\\\/avatar\\\/3f782e6f56d5ccd59c2514ab8afb24b8a235e2c9632835123a4d4a9a5539e073?s=96&d=mm&r=g\",\"contentUrl\":\"https:\\\/\\\/secure.gravatar.com\\\/avatar\\\/3f782e6f56d5ccd59c2514ab8afb24b8a235e2c9632835123a4d4a9a5539e073?s=96&d=mm&r=g\",\"caption\":\"Viktor Toth\"},\"url\":\"https:\\\/\\\/www.andrawis-akademie.com\\\/pl\\\/author\\\/t-vektor007gmail-com\\\/\"}]}<\/script>\n<!-- \/ Yoast SEO plugin. -->","yoast_head_json":{"title":"Pierwsze wra\u017cenie dziecka na temat - Prof. Dr. Andrawis Akademie f\u00fcr Ganzheitliche Medizin Psychosomatik und Psychotherapie","robots":{"index":"index","follow":"follow","max-snippet":"max-snippet:-1","max-image-preview":"max-image-preview:large","max-video-preview":"max-video-preview:-1"},"canonical":"https:\/\/www.andrawis-akademie.com\/pl\/pierwsze-wrazenie-dziecka-na-temat\/","og_locale":"pl_PL","og_type":"article","og_title":"Pierwsze wra\u017cenie dziecka na temat - Prof. Dr. Andrawis Akademie f\u00fcr Ganzheitliche Medizin Psychosomatik und Psychotherapie","og_url":"https:\/\/www.andrawis-akademie.com\/pl\/pierwsze-wrazenie-dziecka-na-temat\/","og_site_name":"Prof. Dr. Andrawis Akademie f\u00fcr Ganzheitliche Medizin Psychosomatik und Psychotherapie","article_published_time":"2019-04-18T12:26:25+00:00","article_modified_time":"2020-07-08T11:14:10+00:00","og_image":[{"url":"https:\/\/andrawis-akademie.com\/wp-content\/uploads\/2019\/04\/erster_eindruck_des_kindes.png","type":"","width":"","height":""}],"author":"Viktor Toth","twitter_card":"summary_large_image","twitter_misc":{"Napisane przez":"Viktor Toth","Szacowany czas czytania":"7 minut"},"schema":{"@context":"https:\/\/schema.org","@graph":[{"@type":"Article","@id":"https:\/\/www.andrawis-akademie.com\/pl\/pierwsze-wrazenie-dziecka-na-temat\/#article","isPartOf":{"@id":"https:\/\/www.andrawis-akademie.com\/pl\/pierwsze-wrazenie-dziecka-na-temat\/"},"author":{"name":"Viktor Toth","@id":"https:\/\/www.andrawis-akademie.com\/pl\/#\/schema\/person\/742f3ef4c1a559bc9bb5f27939c2fb0a"},"headline":"Pierwsze wra\u017cenie dziecka na temat","datePublished":"2019-04-18T12:26:25+00:00","dateModified":"2020-07-08T11:14:10+00:00","mainEntityOfPage":{"@id":"https:\/\/www.andrawis-akademie.com\/pl\/pierwsze-wrazenie-dziecka-na-temat\/"},"wordCount":1445,"commentCount":0,"image":{"@id":"https:\/\/www.andrawis-akademie.com\/pl\/pierwsze-wrazenie-dziecka-na-temat\/#primaryimage"},"thumbnailUrl":"https:\/\/andrawis-akademie.com\/wp-content\/uploads\/2019\/04\/erster_eindruck_des_kindes.png","articleSection":["1.Tematy psychoanalutyczne"],"inLanguage":"pl-PL"},{"@type":"WebPage","@id":"https:\/\/www.andrawis-akademie.com\/pl\/pierwsze-wrazenie-dziecka-na-temat\/","url":"https:\/\/www.andrawis-akademie.com\/pl\/pierwsze-wrazenie-dziecka-na-temat\/","name":"Pierwsze wra\u017cenie dziecka na temat - Prof. Dr. Andrawis Akademie f\u00fcr Ganzheitliche Medizin Psychosomatik und Psychotherapie","isPartOf":{"@id":"https:\/\/www.andrawis-akademie.com\/pl\/#website"},"primaryImageOfPage":{"@id":"https:\/\/www.andrawis-akademie.com\/pl\/pierwsze-wrazenie-dziecka-na-temat\/#primaryimage"},"image":{"@id":"https:\/\/www.andrawis-akademie.com\/pl\/pierwsze-wrazenie-dziecka-na-temat\/#primaryimage"},"thumbnailUrl":"https:\/\/andrawis-akademie.com\/wp-content\/uploads\/2019\/04\/erster_eindruck_des_kindes.png","datePublished":"2019-04-18T12:26:25+00:00","dateModified":"2020-07-08T11:14:10+00:00","author":{"@id":"https:\/\/www.andrawis-akademie.com\/pl\/#\/schema\/person\/742f3ef4c1a559bc9bb5f27939c2fb0a"},"breadcrumb":{"@id":"https:\/\/www.andrawis-akademie.com\/pl\/pierwsze-wrazenie-dziecka-na-temat\/#breadcrumb"},"inLanguage":"pl-PL","potentialAction":[{"@type":"ReadAction","target":["https:\/\/www.andrawis-akademie.com\/pl\/pierwsze-wrazenie-dziecka-na-temat\/"]}]},{"@type":"ImageObject","inLanguage":"pl-PL","@id":"https:\/\/www.andrawis-akademie.com\/pl\/pierwsze-wrazenie-dziecka-na-temat\/#primaryimage","url":"https:\/\/andrawis-akademie.com\/wp-content\/uploads\/2019\/04\/erster_eindruck_des_kindes.png","contentUrl":"https:\/\/andrawis-akademie.com\/wp-content\/uploads\/2019\/04\/erster_eindruck_des_kindes.png"},{"@type":"BreadcrumbList","@id":"https:\/\/www.andrawis-akademie.com\/pl\/pierwsze-wrazenie-dziecka-na-temat\/#breadcrumb","itemListElement":[{"@type":"ListItem","position":1,"name":"Startseite","item":"https:\/\/www.andrawis-akademie.com\/pl\/home\/"},{"@type":"ListItem","position":2,"name":"Pierwsze wra\u017cenie dziecka na temat"}]},{"@type":"WebSite","@id":"https:\/\/www.andrawis-akademie.com\/pl\/#website","url":"https:\/\/www.andrawis-akademie.com\/pl\/","name":"Prof. Dr. Andrawis Akademie f\u00fcr Ganzheitliche Medizin Psychosomatik und Psychotherapie","description":"Prof. Dr. Andrawis Andrawis Psychotherapie - Wissenschaft &amp; Psychoanalyse","potentialAction":[{"@type":"SearchAction","target":{"@type":"EntryPoint","urlTemplate":"https:\/\/www.andrawis-akademie.com\/pl\/?s={search_term_string}"},"query-input":{"@type":"PropertyValueSpecification","valueRequired":true,"valueName":"search_term_string"}}],"inLanguage":"pl-PL"},{"@type":"Person","@id":"https:\/\/www.andrawis-akademie.com\/pl\/#\/schema\/person\/742f3ef4c1a559bc9bb5f27939c2fb0a","name":"Viktor Toth","image":{"@type":"ImageObject","inLanguage":"pl-PL","@id":"https:\/\/secure.gravatar.com\/avatar\/3f782e6f56d5ccd59c2514ab8afb24b8a235e2c9632835123a4d4a9a5539e073?s=96&d=mm&r=g","url":"https:\/\/secure.gravatar.com\/avatar\/3f782e6f56d5ccd59c2514ab8afb24b8a235e2c9632835123a4d4a9a5539e073?s=96&d=mm&r=g","contentUrl":"https:\/\/secure.gravatar.com\/avatar\/3f782e6f56d5ccd59c2514ab8afb24b8a235e2c9632835123a4d4a9a5539e073?s=96&d=mm&r=g","caption":"Viktor Toth"},"url":"https:\/\/www.andrawis-akademie.com\/pl\/author\/t-vektor007gmail-com\/"}]}},"_links":{"self":[{"href":"https:\/\/www.andrawis-akademie.com\/pl\/wp-json\/wp\/v2\/posts\/1103","targetHints":{"allow":["GET"]}}],"collection":[{"href":"https:\/\/www.andrawis-akademie.com\/pl\/wp-json\/wp\/v2\/posts"}],"about":[{"href":"https:\/\/www.andrawis-akademie.com\/pl\/wp-json\/wp\/v2\/types\/post"}],"author":[{"embeddable":true,"href":"https:\/\/www.andrawis-akademie.com\/pl\/wp-json\/wp\/v2\/users\/5"}],"replies":[{"embeddable":true,"href":"https:\/\/www.andrawis-akademie.com\/pl\/wp-json\/wp\/v2\/comments?post=1103"}],"version-history":[{"count":3,"href":"https:\/\/www.andrawis-akademie.com\/pl\/wp-json\/wp\/v2\/posts\/1103\/revisions"}],"predecessor-version":[{"id":4217,"href":"https:\/\/www.andrawis-akademie.com\/pl\/wp-json\/wp\/v2\/posts\/1103\/revisions\/4217"}],"wp:attachment":[{"href":"https:\/\/www.andrawis-akademie.com\/pl\/wp-json\/wp\/v2\/media?parent=1103"}],"wp:term":[{"taxonomy":"category","embeddable":true,"href":"https:\/\/www.andrawis-akademie.com\/pl\/wp-json\/wp\/v2\/categories?post=1103"},{"taxonomy":"post_tag","embeddable":true,"href":"https:\/\/www.andrawis-akademie.com\/pl\/wp-json\/wp\/v2\/tags?post=1103"}],"curies":[{"name":"wp","href":"https:\/\/api.w.org\/{rel}","templated":true}]}}