{"id":1118,"date":"2019-04-18T14:31:47","date_gmt":"2019-04-18T12:31:47","guid":{"rendered":"https:\/\/www.andrawis-akademie.com\/?p=1118"},"modified":"2019-05-30T14:49:16","modified_gmt":"2019-05-30T12:49:16","slug":"psychoterapia-w-odniesieniu-do","status":"publish","type":"post","link":"https:\/\/www.andrawis-akademie.com\/pl\/psychoterapia-w-odniesieniu-do\/","title":{"rendered":"Psychoterapia w odniesieniu do"},"content":{"rendered":"\n<style type=\"text\/css\" data-created_by=\"avia_inline_auto\" id=\"style-css-av-27iof2-93ce195b6aea25b63baf1eb93242f7ff\">\n.flex_column.av-27iof2-93ce195b6aea25b63baf1eb93242f7ff{\nborder-radius:0px 0px 0px 0px;\npadding:0px 0px 0px 0px;\n}\n<\/style>\n<div  class='flex_column av-27iof2-93ce195b6aea25b63baf1eb93242f7ff av_one_full  avia-builder-el-0  avia-builder-el-no-sibling  first flex_column_div av-zero-column-padding  '     ><section  class='av_textblock_section av-jummjccd-ba98a37a15fe8f48abc14cf8de254c2f '   itemscope=\"itemscope\" itemtype=\"https:\/\/schema.org\/BlogPosting\" itemprop=\"blogPost\" ><div class='avia_textblock'  itemprop=\"text\" ><h1 style=\"text-align: center;\"><strong>Psychoterapia w odniesieniu do<\/strong><br \/>\n<strong>w sprawie medycyny psychosomatycznej<\/strong><\/h1>\n<p>W medycynie psychosomatycznej Andrawis (2013) opisuje, \u017ce to nie tylko wyniki bada\u0144 s\u0105 decyduj\u0105ce dla wyleczenia. Holistyczne spojrzenie na jednostk\u0119, na przyk\u0142ad, obejmuje r\u00f3wnie\u017c wra\u017cliwo\u015bci psychospo\u0142eczne w tle jako czynnik psychospo\u0142eczny.<br \/>\nAby zrozumie\u0107 chorob\u0119, lekarz powinien postrzega\u0107 pacjenta jako jednostk\u0119, postrzega\u0107 jego dolegliwo\u015bci pod ka\u017cdym mo\u017cliwym k\u0105tem i umieszcza\u0107 je w kontek\u015bcie (jednostka cia\u0142o-umys\u0142). Co wa\u017cne, jak podkre\u015bla Br\u00e4utigam et al. podkre\u015blaj\u0105, to fakt, \u017ce lekarz ma zjawiska odruch\u00f3w mi\u0119dzy cia\u0142em i dusz\u0105 w tym samym czasie. Wi\u0119kszo\u015b\u0107 teorii medycznych reprezentuje zm\u0119tnienie proces\u00f3w biologicznych. Zabiegi te wymagaj\u0105 pe\u0142nej uwagi terapeuty lub lekarza. Wymiar psychicznego, \u015bwiadomego i nie\u015bwiadomego stanu wewn\u0119trznego i emocjonalno\u015bci, jak r\u00f3wnie\u017c selektywna percepcja \u015brodowiska spo\u0142ecznego pacjenta, to kolejne obszary wielorakich teorii i perspektyw w medycynie psychosomatycznej (Andrawis A, 2013).<\/p>\n<p style=\"text-align: center;\"><strong>Psychoanalityczne koncepcje chor\u00f3b psychosomatycznych jako konflikt\u00f3w<\/strong><\/p>\n<p>W badaniu konfliktu chorobowego decyduj\u0105ce znaczenie dla rozwoju objaw\u00f3w psychosomatycznych mia\u0142y dwie wytyczne dotycz\u0105ce rozwoju psychosomatycznych, a mianowicie psychoanaliza Freuda i psychosomatyczny spos\u00f3b my\u015blenia internist\u00f3w, kt\u00f3re wy\u0142oni\u0142y si\u0119 z medycyny wewn\u0119trznej, takie jak G. v. Bergmann (Berlin), V. v. Weizs\u00e4cker, L. Krehl (Heidelberg). Jak ju\u017c opisa\u0142 Br\u00e4utigam et al., interni\u015bci zdiagnozowali ten objaw jako zaburzenie czynno\u015bciowe, bez wynik\u00f3w bada\u0144 somatycznych. Psychoanaliza na pierwszym planie umie\u015bci\u0142a konflikt psychiczny jako przyczyn\u0119 zaburze\u0144 somatycznych. (ibid. ):<br \/>\nPoprzez praktyk\u0119 i teorie psychoanalizy powsta\u0142y wielowarstwowe systemy, kt\u00f3re s\u0105 niewyczerpane. Historycznie Freud stworzy\u0142 wa\u017cny dost\u0119p dla medycyny, kt\u00f3ry otworzy\u0142 nowy wymiar: leczenie chor\u00f3b w kategoriach ich skutk\u00f3w psychosomatycznych. Jak ju\u017c podkre\u015bla Andrawis (2013), historia \u017cycia we wczesnym dzieci\u0144stwie traumy odgrywa wa\u017cn\u0105 rol\u0119 w rozwoju cz\u0142owieka dla zdrowia cielesno-mentalnego lub choroby. Wp\u0142yw konflikt\u00f3w psychicznych na poziom emocjonalny (wi\u0119zi lub separacje, konflikty seksualne i agresywne) jest ju\u017c cz\u0119sto bardzo wyra\u017anie rozpoznawalny w patogenezie. (ibid. ).<br \/>\nZanim przejdziemy bardziej szczeg\u00f3\u0142owo do teorii psychoanalizy, warto wspomnie\u0107 o kilku wa\u017cnych odniesieniach do kontekstu psychoanalitycznego, kt\u00f3ry autor ju\u017c opisuje:<br \/>\n1 Wsp\u00f3\u0142czesna psychoanaliza odnosi si\u0119 do wczesnego rozwoju dzieci\u0144stwa. Zwr\u00f3cono uwag\u0119 na r\u00f3\u017cne punkty kryzysowe, kt\u00f3re mog\u0105 mie\u0107 wp\u0142yw na p\u00f3\u017aniejsze zak\u0142\u00f3cenia. Zdrowe lub zaburzone instynkty we wczesnym dzieci\u0144stwie maj\u0105 wp\u0142yw na dojrzewanie r\u00f3\u017cnych instynkt\u00f3w rozwoju duszy cia\u0142a w doros\u0142ym \u017cyciu.<br \/>\n2) W psychoanalizie istnieje hierarchia struktur mentalnych. Zr\u00f3\u017cnicowane rodzaje do\u015bwiadcze\u0144 i zachowa\u0144 przewa\u017caj\u0105 przy tej okazji: Nie\u015bwiadomy UBW &#8211; Pod\u015bwiadomy VBW &#8211; \u015awiadomy BW, It &#8211; I &#8211; Superego, Proces pierwotny &#8211; Proces wt\u00f3rny. W trakcie \u017cycia, podczas do\u015bwiadcze\u0144 kryzysu lub harmonii, podczas za\u0142ama\u0144 lub udanych wyst\u0119p\u00f3w, gdy raz zr\u00f3\u017cnicowane, raz dominuj\u0105 elementarne wzorce zachowa\u0144. W tym udanym przypadku zwi\u0119ksza si\u0119 zdolno\u015b\u0107 adaptacji na rzecz rozwi\u0105zywania konflikt\u00f3w. W drugim przypadku nast\u0119puje regresja, kt\u00f3ra ma negatywny wp\u0142yw na poziom somatyzacji.<br \/>\n3) Psychoanaliza rozwija zr\u00f3\u017cnicowane ego i autopsychologi\u0119 w odniesieniu do rozwoju nap\u0119du. Tak zwana si\u0142a lub s\u0142abo\u015b\u0107 ego jest wa\u017cnym warunkiem udanego lub nieudanego rozwi\u0105zania konfliktu. S\u0142abo\u015bci\u0105 ja\u017ani jest s\u0142abo\u015b\u0107 jednostki do przystosowania si\u0119 do otoczenia. Prowadzi to zazwyczaj do rozwoju zak\u0142\u00f3ce\u0144.<\/p>\n<p>4 Ostatnio, wp\u0142yw aspekt\u00f3w hamuj\u0105cych lub wspieraj\u0105cych we wczesnym dzieci\u0144stwie i obecnych relacji zosta\u0142 po\u015bwi\u0119cony szczeg\u00f3ln\u0105 uwag\u0119 w psychoanalizie w kontek\u015bcie psychologii relacji obiektowych. Indywidualna istota ludzka nie jest rozumiana ze wzgl\u0119du na jej rozw\u00f3j osobisty, genetyczny, psychologiczny i indywidualny, ale jako istota przedmiotowa, spo\u0142eczna, kt\u00f3ra wchodzi w pewne relacje i jest zale\u017cna od relacji. Andrawis (2013) wyja\u015bni\u0142, \u017ce choroba mo\u017ce by\u0107 r\u00f3wnie\u017c pochodn\u0105 okoliczno\u015bci i natury spotka\u0144 mi\u0119dzy lud\u017ami i z innymi lud\u017ami.<\/p>\n<p style=\"text-align: center;\"><strong>Wk\u0142ad psychoanalizy w psychosoma<\/strong><strong>tyk\u0119<\/strong><\/p>\n<p>Psychoanaliza opracowa\u0142a model konwersji Sigmunda Freuda i jego &#8222;Studi\u00f3w nad histeri\u0105&#8221; (1895), w kt\u00f3rym opisano powstawanie objaw\u00f3w histerycznych, np. parali\u017c psychogennego ramienia, histeryczn\u0105 dysbazj\u0119 (zaburzenia chodu) i znieczulenie psychogenne (zaburzenia emocjonalne).<br \/>\nJak ju\u017c wyja\u015bni\u0142 Andrawis (2013), ruch arbitralny jest modelem psychoanalitycznej koncepcji konwersji, kt\u00f3ra jest wdra\u017cana w projektowaniu akcji i realizacji ruchowej, jak w wskazywaniu, chwytaniu, interpretacji lub zamykaniu pi\u0119\u015bci. Freud jest zdania, \u017ce konwersja zwalcza niech\u0119\u0107 i przekierowuje swoj\u0105 sum\u0119 emocji na poziom fizyczny.<br \/>\nNie\u015bwiadomie sprzeczne fantazje prowadz\u0105 wi\u0119c do zmian fizycznych (symptomy somatyczne, motoryczne lub wra\u017cliwe).<br \/>\nEnergia psychiczna (libido) jest przekszta\u0142cana w bodziec, zwi\u0105zany objawem i trzymany przez to w nie\u015bwiadomo\u015bci. Libido wymaga uwagi. Ma zar\u00f3wno satysfakcjonuj\u0105cy, jak i represyjny charakter. (ibid. ).<br \/>\nFreud by\u0142 zdania, \u017ce to wydarzenie by\u0142o do\u015bwiadczeniem fizycznym. Tak wi\u0119c, jak ju\u017c Br\u00e4utigam et al. wyja\u015bniaj\u0105, teoria ta i praktyka s\u0105 nadal stosowane dzisiaj w odniesieniu do pacjent\u00f3w, kt\u00f3rzy cierpi\u0105 na tworzenie objaw\u00f3w histerii, nie tylko z powodu parali\u017cu, ale tak\u017ce np. z powodu zaburzenia g\u0142osu i wra\u017cliwo\u015bci. Systemy psychospo\u0142eczne odgrywaj\u0105 szczeg\u00f3lnie wa\u017cn\u0105 rol\u0119 w rozwoju objaw\u00f3w fizycznych. Wyja\u015bnienie to nie by\u0142o jednak zadowalaj\u0105ce dla nauki. W konflikcie p\u0142ciowym Fenichel jest zdania, \u017ce wczesne zaburzenia potrzeb niemowl\u0105t s\u0105 przyczyn\u0105 pragnienia ciep\u0142a, blisko\u015bci i bezpiecze\u0144stwa. Rangell (1959) pr\u00f3bowa\u0142 zaw\u0119zi\u0107 poj\u0119cie konwersji, ale to si\u0119 nie powiod\u0142o, gdy\u017c model ten wyst\u0119powa\u0142 praktycznie we wszystkich konfliktach zwi\u0105zanych z zaburzeniami fizycznymi. Pojawia si\u0119 teraz pytanie, czy model ten mo\u017cna zachowa\u0107 bez zamiaru Freuda, aby symbolicznie przedstawi\u0107 konflikt i dynamiczne zbawienie poprzez udowodnienie symptomu (tam\u017ce).<br \/>\nW przeciwie\u0144stwie do Freuda i wi\u0119kszo\u015bci psychoanalityk\u00f3w, kt\u00f3rzy ograniczyli model konwersji tylko do histerii, Groddeck (1866-1934) zastosowa\u0142 ten model r\u00f3wnie\u017c do innych chor\u00f3b, takich jak pacjenci organ\u00f3w. Uwa\u017ca\u0142 on, \u017ce objawy cia\u0142a maj\u0105 symbolik\u0119 wywodz\u0105c\u0105 si\u0119 z si\u0142 tego cia\u0142a i kt\u00f3ra z kolei mo\u017ce wyra\u017ca\u0107 si\u0119 we wszystkich narz\u0105dach. To nie\u015bwiadome, To, kt\u00f3re wed\u0142ug Groddecka zawiera wszystkie si\u0142y natury i instynkty, jest w jego opinii \u017ar\u00f3d\u0142em wszystkich zawod\u00f3w organowych. W ten spos\u00f3b organy wewn\u0119trzne kontrolowane przez wegetatywny uk\u0142ad nerwowy r\u00f3wnie\u017c wchodzi\u0142yby w zakres poj\u0119cia konwersji. Ostatecznie Groddeck jako pierwszy dostrzeg\u0142 wp\u0142yw i znaczenie nie\u015bwiadomych proces\u00f3w jako przyczyny chor\u00f3b fizycznych. Pomimo spekulacyjnego zrozumienia patogenezy i nienaukowej praktyki leczenia, jego my\u015bl stanowi jednak cenny impuls do psychosomatycznego spojrzenia na wszystkie choroby. Du\u017ca liczba badaczy psychosomat\u00f3w uwa\u017ca koncepcj\u0119 konwersji jako zasad\u0119 wyja\u015bniaj\u0105c\u0105 dla wi\u0119kszo\u015bci zaburze\u0144 psychosomatycznych za niewystarczaj\u0105c\u0105, poniewa\u017c mo\u017ce by\u0107 ona stosowana tylko do pewnej grupy symbolicznie zdefiniowanych formacji objawowych. Jak ju\u017c Br\u00e4utigam et al. podkre\u015blaj\u0105, objawy fizyczne s\u0105 zredukowane do poziomu psychogenetycznego \u015bwiadomego i nie\u015bwiadomego j\u0119zyka organowego, kt\u00f3ry nie oddaje sprawiedliwo\u015bci z\u0142o\u017conych wp\u0142yw\u00f3w wi\u0119kszo\u015bci chor\u00f3b. Spo\u0142eczne i psychologiczne czynniki wp\u0142ywaj\u0105ce nie ograniczaj\u0105 si\u0119 do neurotycznych napi\u0119\u0107 konfliktowych, ale s\u0105 bardziej zr\u00f3\u017cnicowane.<\/p>\n<p><strong>Univ. Prof. Dr. Andrawis<\/strong><\/p>\n<p><a href=\"https:\/\/www.andrawis-akademie.com\/wp-content\/uploads\/2019\/04\/7.-Psychoterapia-w-odniesieniu-do-PL.pdf\"><img loading=\"lazy\" decoding=\"async\" class=\"aligncenter wp-image-3073\" src=\"https:\/\/www.andrawis-akademie.com\/wp-content\/uploads\/2019\/04\/download_pdf_button_png_413958-300x87.png\" alt=\"\" width=\"180\" height=\"52\" srcset=\"https:\/\/www.andrawis-akademie.com\/wp-content\/uploads\/2019\/04\/download_pdf_button_png_413958-300x87.png 300w, https:\/\/www.andrawis-akademie.com\/wp-content\/uploads\/2019\/04\/download_pdf_button_png_413958-450x130.png 450w, https:\/\/www.andrawis-akademie.com\/wp-content\/uploads\/2019\/04\/download_pdf_button_png_413958.png 520w\" sizes=\"auto, (max-width: 180px) 100vw, 180px\" \/><\/a><\/p>\n<\/div><\/section><\/div>\n","protected":false},"excerpt":{"rendered":"","protected":false},"author":5,"featured_media":0,"comment_status":"open","ping_status":"open","sticky":false,"template":"","format":"standard","meta":{"footnotes":""},"categories":[7,1],"tags":[],"class_list":["post-1118","post","type-post","status-publish","format-standard","hentry","category-tematy-psychoanalutyczne","category-unkategorisiert"],"yoast_head":"<!-- This site is optimized with the Yoast SEO plugin v27.3 - https:\/\/yoast.com\/product\/yoast-seo-wordpress\/ -->\n<title>Psychoterapia w odniesieniu do - Prof. Dr. Andrawis Akademie f\u00fcr Ganzheitliche Medizin Psychosomatik und Psychotherapie<\/title>\n<meta name=\"robots\" content=\"index, follow, max-snippet:-1, max-image-preview:large, max-video-preview:-1\" \/>\n<link rel=\"canonical\" href=\"https:\/\/www.andrawis-akademie.com\/pl\/psychoterapia-w-odniesieniu-do\/\" \/>\n<meta property=\"og:locale\" content=\"pl_PL\" \/>\n<meta property=\"og:type\" content=\"article\" \/>\n<meta property=\"og:title\" content=\"Psychoterapia w odniesieniu do - Prof. Dr. Andrawis Akademie f\u00fcr Ganzheitliche Medizin Psychosomatik und Psychotherapie\" \/>\n<meta property=\"og:url\" content=\"https:\/\/www.andrawis-akademie.com\/pl\/psychoterapia-w-odniesieniu-do\/\" \/>\n<meta property=\"og:site_name\" content=\"Prof. Dr. Andrawis Akademie f\u00fcr Ganzheitliche Medizin Psychosomatik und Psychotherapie\" \/>\n<meta property=\"article:published_time\" content=\"2019-04-18T12:31:47+00:00\" \/>\n<meta property=\"article:modified_time\" content=\"2019-05-30T12:49:16+00:00\" \/>\n<meta property=\"og:image\" content=\"https:\/\/www.andrawis-akademie.com\/wp-content\/uploads\/2019\/04\/download_pdf_button_png_413958-300x87.png\" \/>\n<meta name=\"author\" content=\"Viktor Toth\" \/>\n<meta name=\"twitter:card\" content=\"summary_large_image\" \/>\n<meta name=\"twitter:label1\" content=\"Napisane przez\" \/>\n\t<meta name=\"twitter:data1\" content=\"Viktor Toth\" \/>\n\t<meta name=\"twitter:label2\" content=\"Szacowany czas czytania\" \/>\n\t<meta name=\"twitter:data2\" content=\"7 minut\" \/>\n<script type=\"application\/ld+json\" class=\"yoast-schema-graph\">{\"@context\":\"https:\\\/\\\/schema.org\",\"@graph\":[{\"@type\":\"Article\",\"@id\":\"https:\\\/\\\/www.andrawis-akademie.com\\\/pl\\\/psychoterapia-w-odniesieniu-do\\\/#article\",\"isPartOf\":{\"@id\":\"https:\\\/\\\/www.andrawis-akademie.com\\\/pl\\\/psychoterapia-w-odniesieniu-do\\\/\"},\"author\":{\"name\":\"Viktor Toth\",\"@id\":\"https:\\\/\\\/www.andrawis-akademie.com\\\/pl\\\/#\\\/schema\\\/person\\\/742f3ef4c1a559bc9bb5f27939c2fb0a\"},\"headline\":\"Psychoterapia w odniesieniu do\",\"datePublished\":\"2019-04-18T12:31:47+00:00\",\"dateModified\":\"2019-05-30T12:49:16+00:00\",\"mainEntityOfPage\":{\"@id\":\"https:\\\/\\\/www.andrawis-akademie.com\\\/pl\\\/psychoterapia-w-odniesieniu-do\\\/\"},\"wordCount\":1348,\"commentCount\":0,\"image\":{\"@id\":\"https:\\\/\\\/www.andrawis-akademie.com\\\/pl\\\/psychoterapia-w-odniesieniu-do\\\/#primaryimage\"},\"thumbnailUrl\":\"https:\\\/\\\/www.andrawis-akademie.com\\\/wp-content\\\/uploads\\\/2019\\\/04\\\/download_pdf_button_png_413958-300x87.png\",\"articleSection\":[\"1.Tematy psychoanalutyczne\",\"Unkategorisiert\"],\"inLanguage\":\"pl-PL\"},{\"@type\":\"WebPage\",\"@id\":\"https:\\\/\\\/www.andrawis-akademie.com\\\/pl\\\/psychoterapia-w-odniesieniu-do\\\/\",\"url\":\"https:\\\/\\\/www.andrawis-akademie.com\\\/pl\\\/psychoterapia-w-odniesieniu-do\\\/\",\"name\":\"Psychoterapia w odniesieniu do - Prof. Dr. Andrawis Akademie f\u00fcr Ganzheitliche Medizin Psychosomatik und Psychotherapie\",\"isPartOf\":{\"@id\":\"https:\\\/\\\/www.andrawis-akademie.com\\\/pl\\\/#website\"},\"primaryImageOfPage\":{\"@id\":\"https:\\\/\\\/www.andrawis-akademie.com\\\/pl\\\/psychoterapia-w-odniesieniu-do\\\/#primaryimage\"},\"image\":{\"@id\":\"https:\\\/\\\/www.andrawis-akademie.com\\\/pl\\\/psychoterapia-w-odniesieniu-do\\\/#primaryimage\"},\"thumbnailUrl\":\"https:\\\/\\\/www.andrawis-akademie.com\\\/wp-content\\\/uploads\\\/2019\\\/04\\\/download_pdf_button_png_413958-300x87.png\",\"datePublished\":\"2019-04-18T12:31:47+00:00\",\"dateModified\":\"2019-05-30T12:49:16+00:00\",\"author\":{\"@id\":\"https:\\\/\\\/www.andrawis-akademie.com\\\/pl\\\/#\\\/schema\\\/person\\\/742f3ef4c1a559bc9bb5f27939c2fb0a\"},\"breadcrumb\":{\"@id\":\"https:\\\/\\\/www.andrawis-akademie.com\\\/pl\\\/psychoterapia-w-odniesieniu-do\\\/#breadcrumb\"},\"inLanguage\":\"pl-PL\",\"potentialAction\":[{\"@type\":\"ReadAction\",\"target\":[\"https:\\\/\\\/www.andrawis-akademie.com\\\/pl\\\/psychoterapia-w-odniesieniu-do\\\/\"]}]},{\"@type\":\"ImageObject\",\"inLanguage\":\"pl-PL\",\"@id\":\"https:\\\/\\\/www.andrawis-akademie.com\\\/pl\\\/psychoterapia-w-odniesieniu-do\\\/#primaryimage\",\"url\":\"https:\\\/\\\/www.andrawis-akademie.com\\\/wp-content\\\/uploads\\\/2019\\\/04\\\/download_pdf_button_png_413958-300x87.png\",\"contentUrl\":\"https:\\\/\\\/www.andrawis-akademie.com\\\/wp-content\\\/uploads\\\/2019\\\/04\\\/download_pdf_button_png_413958-300x87.png\"},{\"@type\":\"BreadcrumbList\",\"@id\":\"https:\\\/\\\/www.andrawis-akademie.com\\\/pl\\\/psychoterapia-w-odniesieniu-do\\\/#breadcrumb\",\"itemListElement\":[{\"@type\":\"ListItem\",\"position\":1,\"name\":\"Startseite\",\"item\":\"https:\\\/\\\/www.andrawis-akademie.com\\\/pl\\\/home\\\/\"},{\"@type\":\"ListItem\",\"position\":2,\"name\":\"Psychoterapia w odniesieniu do\"}]},{\"@type\":\"WebSite\",\"@id\":\"https:\\\/\\\/www.andrawis-akademie.com\\\/pl\\\/#website\",\"url\":\"https:\\\/\\\/www.andrawis-akademie.com\\\/pl\\\/\",\"name\":\"Prof. Dr. Andrawis Akademie f\u00fcr Ganzheitliche Medizin Psychosomatik und Psychotherapie\",\"description\":\"Prof. Dr. Andrawis Andrawis Psychotherapie - Wissenschaft &amp; Psychoanalyse\",\"potentialAction\":[{\"@type\":\"SearchAction\",\"target\":{\"@type\":\"EntryPoint\",\"urlTemplate\":\"https:\\\/\\\/www.andrawis-akademie.com\\\/pl\\\/?s={search_term_string}\"},\"query-input\":{\"@type\":\"PropertyValueSpecification\",\"valueRequired\":true,\"valueName\":\"search_term_string\"}}],\"inLanguage\":\"pl-PL\"},{\"@type\":\"Person\",\"@id\":\"https:\\\/\\\/www.andrawis-akademie.com\\\/pl\\\/#\\\/schema\\\/person\\\/742f3ef4c1a559bc9bb5f27939c2fb0a\",\"name\":\"Viktor Toth\",\"image\":{\"@type\":\"ImageObject\",\"inLanguage\":\"pl-PL\",\"@id\":\"https:\\\/\\\/secure.gravatar.com\\\/avatar\\\/3f782e6f56d5ccd59c2514ab8afb24b8a235e2c9632835123a4d4a9a5539e073?s=96&d=mm&r=g\",\"url\":\"https:\\\/\\\/secure.gravatar.com\\\/avatar\\\/3f782e6f56d5ccd59c2514ab8afb24b8a235e2c9632835123a4d4a9a5539e073?s=96&d=mm&r=g\",\"contentUrl\":\"https:\\\/\\\/secure.gravatar.com\\\/avatar\\\/3f782e6f56d5ccd59c2514ab8afb24b8a235e2c9632835123a4d4a9a5539e073?s=96&d=mm&r=g\",\"caption\":\"Viktor Toth\"},\"url\":\"https:\\\/\\\/www.andrawis-akademie.com\\\/pl\\\/author\\\/t-vektor007gmail-com\\\/\"}]}<\/script>\n<!-- \/ Yoast SEO plugin. -->","yoast_head_json":{"title":"Psychoterapia w odniesieniu do - Prof. Dr. Andrawis Akademie f\u00fcr Ganzheitliche Medizin Psychosomatik und Psychotherapie","robots":{"index":"index","follow":"follow","max-snippet":"max-snippet:-1","max-image-preview":"max-image-preview:large","max-video-preview":"max-video-preview:-1"},"canonical":"https:\/\/www.andrawis-akademie.com\/pl\/psychoterapia-w-odniesieniu-do\/","og_locale":"pl_PL","og_type":"article","og_title":"Psychoterapia w odniesieniu do - Prof. Dr. Andrawis Akademie f\u00fcr Ganzheitliche Medizin Psychosomatik und Psychotherapie","og_url":"https:\/\/www.andrawis-akademie.com\/pl\/psychoterapia-w-odniesieniu-do\/","og_site_name":"Prof. Dr. Andrawis Akademie f\u00fcr Ganzheitliche Medizin Psychosomatik und Psychotherapie","article_published_time":"2019-04-18T12:31:47+00:00","article_modified_time":"2019-05-30T12:49:16+00:00","og_image":[{"url":"https:\/\/www.andrawis-akademie.com\/wp-content\/uploads\/2019\/04\/download_pdf_button_png_413958-300x87.png","type":"","width":"","height":""}],"author":"Viktor Toth","twitter_card":"summary_large_image","twitter_misc":{"Napisane przez":"Viktor Toth","Szacowany czas czytania":"7 minut"},"schema":{"@context":"https:\/\/schema.org","@graph":[{"@type":"Article","@id":"https:\/\/www.andrawis-akademie.com\/pl\/psychoterapia-w-odniesieniu-do\/#article","isPartOf":{"@id":"https:\/\/www.andrawis-akademie.com\/pl\/psychoterapia-w-odniesieniu-do\/"},"author":{"name":"Viktor Toth","@id":"https:\/\/www.andrawis-akademie.com\/pl\/#\/schema\/person\/742f3ef4c1a559bc9bb5f27939c2fb0a"},"headline":"Psychoterapia w odniesieniu do","datePublished":"2019-04-18T12:31:47+00:00","dateModified":"2019-05-30T12:49:16+00:00","mainEntityOfPage":{"@id":"https:\/\/www.andrawis-akademie.com\/pl\/psychoterapia-w-odniesieniu-do\/"},"wordCount":1348,"commentCount":0,"image":{"@id":"https:\/\/www.andrawis-akademie.com\/pl\/psychoterapia-w-odniesieniu-do\/#primaryimage"},"thumbnailUrl":"https:\/\/www.andrawis-akademie.com\/wp-content\/uploads\/2019\/04\/download_pdf_button_png_413958-300x87.png","articleSection":["1.Tematy psychoanalutyczne","Unkategorisiert"],"inLanguage":"pl-PL"},{"@type":"WebPage","@id":"https:\/\/www.andrawis-akademie.com\/pl\/psychoterapia-w-odniesieniu-do\/","url":"https:\/\/www.andrawis-akademie.com\/pl\/psychoterapia-w-odniesieniu-do\/","name":"Psychoterapia w odniesieniu do - Prof. Dr. Andrawis Akademie f\u00fcr Ganzheitliche Medizin Psychosomatik und Psychotherapie","isPartOf":{"@id":"https:\/\/www.andrawis-akademie.com\/pl\/#website"},"primaryImageOfPage":{"@id":"https:\/\/www.andrawis-akademie.com\/pl\/psychoterapia-w-odniesieniu-do\/#primaryimage"},"image":{"@id":"https:\/\/www.andrawis-akademie.com\/pl\/psychoterapia-w-odniesieniu-do\/#primaryimage"},"thumbnailUrl":"https:\/\/www.andrawis-akademie.com\/wp-content\/uploads\/2019\/04\/download_pdf_button_png_413958-300x87.png","datePublished":"2019-04-18T12:31:47+00:00","dateModified":"2019-05-30T12:49:16+00:00","author":{"@id":"https:\/\/www.andrawis-akademie.com\/pl\/#\/schema\/person\/742f3ef4c1a559bc9bb5f27939c2fb0a"},"breadcrumb":{"@id":"https:\/\/www.andrawis-akademie.com\/pl\/psychoterapia-w-odniesieniu-do\/#breadcrumb"},"inLanguage":"pl-PL","potentialAction":[{"@type":"ReadAction","target":["https:\/\/www.andrawis-akademie.com\/pl\/psychoterapia-w-odniesieniu-do\/"]}]},{"@type":"ImageObject","inLanguage":"pl-PL","@id":"https:\/\/www.andrawis-akademie.com\/pl\/psychoterapia-w-odniesieniu-do\/#primaryimage","url":"https:\/\/www.andrawis-akademie.com\/wp-content\/uploads\/2019\/04\/download_pdf_button_png_413958-300x87.png","contentUrl":"https:\/\/www.andrawis-akademie.com\/wp-content\/uploads\/2019\/04\/download_pdf_button_png_413958-300x87.png"},{"@type":"BreadcrumbList","@id":"https:\/\/www.andrawis-akademie.com\/pl\/psychoterapia-w-odniesieniu-do\/#breadcrumb","itemListElement":[{"@type":"ListItem","position":1,"name":"Startseite","item":"https:\/\/www.andrawis-akademie.com\/pl\/home\/"},{"@type":"ListItem","position":2,"name":"Psychoterapia w odniesieniu do"}]},{"@type":"WebSite","@id":"https:\/\/www.andrawis-akademie.com\/pl\/#website","url":"https:\/\/www.andrawis-akademie.com\/pl\/","name":"Prof. Dr. Andrawis Akademie f\u00fcr Ganzheitliche Medizin Psychosomatik und Psychotherapie","description":"Prof. Dr. Andrawis Andrawis Psychotherapie - Wissenschaft &amp; Psychoanalyse","potentialAction":[{"@type":"SearchAction","target":{"@type":"EntryPoint","urlTemplate":"https:\/\/www.andrawis-akademie.com\/pl\/?s={search_term_string}"},"query-input":{"@type":"PropertyValueSpecification","valueRequired":true,"valueName":"search_term_string"}}],"inLanguage":"pl-PL"},{"@type":"Person","@id":"https:\/\/www.andrawis-akademie.com\/pl\/#\/schema\/person\/742f3ef4c1a559bc9bb5f27939c2fb0a","name":"Viktor Toth","image":{"@type":"ImageObject","inLanguage":"pl-PL","@id":"https:\/\/secure.gravatar.com\/avatar\/3f782e6f56d5ccd59c2514ab8afb24b8a235e2c9632835123a4d4a9a5539e073?s=96&d=mm&r=g","url":"https:\/\/secure.gravatar.com\/avatar\/3f782e6f56d5ccd59c2514ab8afb24b8a235e2c9632835123a4d4a9a5539e073?s=96&d=mm&r=g","contentUrl":"https:\/\/secure.gravatar.com\/avatar\/3f782e6f56d5ccd59c2514ab8afb24b8a235e2c9632835123a4d4a9a5539e073?s=96&d=mm&r=g","caption":"Viktor Toth"},"url":"https:\/\/www.andrawis-akademie.com\/pl\/author\/t-vektor007gmail-com\/"}]}},"_links":{"self":[{"href":"https:\/\/www.andrawis-akademie.com\/pl\/wp-json\/wp\/v2\/posts\/1118","targetHints":{"allow":["GET"]}}],"collection":[{"href":"https:\/\/www.andrawis-akademie.com\/pl\/wp-json\/wp\/v2\/posts"}],"about":[{"href":"https:\/\/www.andrawis-akademie.com\/pl\/wp-json\/wp\/v2\/types\/post"}],"author":[{"embeddable":true,"href":"https:\/\/www.andrawis-akademie.com\/pl\/wp-json\/wp\/v2\/users\/5"}],"replies":[{"embeddable":true,"href":"https:\/\/www.andrawis-akademie.com\/pl\/wp-json\/wp\/v2\/comments?post=1118"}],"version-history":[{"count":2,"href":"https:\/\/www.andrawis-akademie.com\/pl\/wp-json\/wp\/v2\/posts\/1118\/revisions"}],"predecessor-version":[{"id":3202,"href":"https:\/\/www.andrawis-akademie.com\/pl\/wp-json\/wp\/v2\/posts\/1118\/revisions\/3202"}],"wp:attachment":[{"href":"https:\/\/www.andrawis-akademie.com\/pl\/wp-json\/wp\/v2\/media?parent=1118"}],"wp:term":[{"taxonomy":"category","embeddable":true,"href":"https:\/\/www.andrawis-akademie.com\/pl\/wp-json\/wp\/v2\/categories?post=1118"},{"taxonomy":"post_tag","embeddable":true,"href":"https:\/\/www.andrawis-akademie.com\/pl\/wp-json\/wp\/v2\/tags?post=1118"}],"curies":[{"name":"wp","href":"https:\/\/api.w.org\/{rel}","templated":true}]}}