{"id":1126,"date":"2019-04-18T14:33:43","date_gmt":"2019-04-18T12:33:43","guid":{"rendered":"https:\/\/www.andrawis-akademie.com\/?p=1126"},"modified":"2019-05-30T14:50:21","modified_gmt":"2019-05-30T12:50:21","slug":"objaw-rozproszenia","status":"publish","type":"post","link":"https:\/\/www.andrawis-akademie.com\/pl\/objaw-rozproszenia\/","title":{"rendered":"Objaw rozproszenia"},"content":{"rendered":"\n<style type=\"text\/css\" data-created_by=\"avia_inline_auto\" id=\"style-css-av-1twhti-d0085af777d01683a879646bcc7ec068\">\n.flex_column.av-1twhti-d0085af777d01683a879646bcc7ec068{\nborder-radius:0px 0px 0px 0px;\npadding:0px 0px 0px 0px;\n}\n<\/style>\n<div  class='flex_column av-1twhti-d0085af777d01683a879646bcc7ec068 av_one_full  avia-builder-el-0  avia-builder-el-no-sibling  first flex_column_div av-zero-column-padding  '     ><section  class='av_textblock_section av-jummlv39-696cac5dc79a4242af1d324a85d9d17c '   itemscope=\"itemscope\" itemtype=\"https:\/\/schema.org\/BlogPosting\" itemprop=\"blogPost\" ><div class='avia_textblock'  itemprop=\"text\" ><h1 style=\"text-align: center;\">Objaw rozproszenia<\/h1>\n<p>Objaw rozproszenia mo\u017cna przypisa\u0107 do zaburze\u0144 osobowo\u015bci, zw\u0142aszcza typu granicznego, i stanowi mechanizm obronny. Dlaczego tak jest? Zaburzenia te s\u0105 spowodowane urazami we wczesnym dzieci\u0144stwie i rozci\u0105gaj\u0105 si\u0119 w okresie dojrzewania. Tutaj mo\u017cna sobie wyobrazi\u0107 masowe nagromadzenie uraz\u00f3w, kt\u00f3re maj\u0105 r\u00f3\u017cne, r\u00f3\u017cne przyczyny i przyczyny. \u015awiadomo\u015b\u0107 staje si\u0119 coraz trudniejsza od tych niekontrolowanych konflikt\u00f3w do uporz\u0105dkowanej dyskusji na tematy. Jest to skomplikowane przez st\u0142umione traumy nie\u015bwiadomo\u015bci, kt\u00f3ra nie mo\u017ce komunikowa\u0107 si\u0119 ze \u015bwiadomo\u015bci\u0105. Je\u015bli osoba wykazuje objawy rozproszenia, oznacza to, \u017ce komunikacja interpersonalna i relacje mi\u0119dzyludzkie s\u0105 banalne i zaburzone. Na przyk\u0142adzie partnerstwa: Osoba A i Osoba B. Osoba A ma tendencj\u0119 do rozproszenia si\u0119 w ch\u0119ci komunikowania si\u0119 ze swoim partnerem. Wida\u0107 to w formie szybkiej zmiany temat\u00f3w, przy czym w rozmowie nie pojawiaj\u0105 si\u0119 \u017cadne powi\u0105zania. Osoba B nie mo\u017ce si\u0119 skoncentrowa\u0107 po pewnym czasie, poniewa\u017c brakuje po\u0142\u0105cze\u0144 mi\u0119dzy tematami. Tre\u015b\u0107 tej rozmowy jest pusta i nudna.<br \/>\nUtkni\u0119cie w miejscu jest ci\u0119\u017carem dla rozm\u00f3wcy, a rozmowy mo\u017cna opisa\u0107 jako puste, nieczytelne i nieukierunkowane na cel. Na przyk\u0142ad, po rozmowie czuje si\u0119 wyczerpane z powodu wielu niekompatybilnych informacji rozm\u00f3wcy (dysfunkcjonalno\u015b\u0107 komunikacji i harmonii).<\/p>\n<p style=\"text-align: center;\"><strong>Przyczyny rozproszenia<\/strong><\/p>\n<p>\u2981 Niepewno\u015b\u0107, strach, poczucie nadmiernego opodatkowania prowadz\u0105 do rozproszenia. Mo\u017cesz zadzwoni\u0107 pod nast\u0119puj\u0105cy numer<br \/>\nobjaw rozproszenia. Je\u015bli osoba A u\u015bwiadamia osobie B bezsensowno\u015b\u0107 rozmowy, osoba B reaguje z oporem.<\/p>\n<p style=\"text-align: center;\"><strong>Wok\u00f3\u0142<\/strong><\/p>\n<p style=\"text-align: left;\">nie trzeba zagl\u0105da\u0107 do w\u0142asnej komory zajezdni, bo nie chce si\u0119 pokazywa\u0107 i przyznawa\u0107 do w\u0142asnej niepewno\u015bci, wkracza op\u00f3r. Niepewno\u015b\u0107, strach przed odkryciem w\u0142asnych kompleks\u00f3w ni\u017cszo\u015bci generuj\u0105 wewn\u0119trzne uczucia, kt\u00f3re powoduj\u0105 jeszcze wi\u0119ksze rozproszenie.<br \/>\nPokryty jest w\u0142asny kompleks ni\u017cszo\u015bci. Kompensujesz, karmisz nerwic\u0119 i kontynuujesz noszenie maski.<br \/>\nObjaw rozproszenia mo\u017cna przypisa\u0107 do typu linii granicznej i reprezentuje mechanizm obronny. Je\u015bli osoba wykazuje objawy rozproszenia, oznacza to, \u017ce komunikacja interpersonalna i relacje mi\u0119dzyludzkie s\u0105 banalne i zaburzone. Sta\u0142e ugrz\u0119\u017ani\u0119cie jest stresuj\u0105ce dla partnera do rozmowy, a rozmowy mo\u017cna opisa\u0107 jako puste, niejasne i nieukierunkowane na cel, co jest odczuwane jako stresuj\u0105ce. Na przyk\u0142ad, po rozmowie czuje si\u0119 &#8222;zabity&#8221; przez rozmow\u0119 z powodu wielu sprzecznych informacji rozm\u00f3wcy.<\/p>\n<p style=\"text-align: center;\"><strong>Terapia<\/strong><\/p>\n<p>Objawem rozproszenia jest wczesnodzieci\u0119ca trauma, kt\u00f3ra zosta\u0142a st\u0142umiona i jej wp\u0142yw na relacje mi\u0119dzyludzkie. U poszkodowanego pacjenta wyst\u0119puj\u0105 wegetatywne, psychosomatyczne objawy. Kontrola wegetatywna za pomoc\u0105 nie\u015bwiadomych mechanizm\u00f3w niepewno\u015bci i kompleks\u00f3w ni\u017cszo\u015bci wyzwala czynniki stresu. Wiemy, \u017ce stres wp\u0142ywa na uwalnianie hormon\u00f3w stresu. Poprzez dzia\u0142anie adrenaliny kortyzol prowadzi do koncentracji proliferacji hormon\u00f3w stresu. Jest to przekazywane przez uk\u0142ad kr\u0105\u017cenia i ma negatywny wp\u0142yw na uk\u0142ad trawienny, zaburzenia rytmu serca i kr\u0105\u017cenia, a w kom\u00f3rkach pami\u0119ci w m\u00f3zgu s\u0105 blokowane przez wzrost kom\u00f3rek pami\u0119ci hormonu stresu.<br \/>\nWyja\u015bnienie rozproszenia le\u017cy w indywidualnej biografii ka\u017cdego cz\u0142owieka. Wymaga terapii. W procesie terapeutycznym wa\u017cne jest odkrywanie i pokonywanie uraz\u00f3w. Terapeuta odkrywa zawarto\u015b\u0107 nie\u015bwiadomo\u015bci za pomoc\u0105 j\u0119zyka interpretacyjnego i mo\u017ce w ten spos\u00f3b prowadzi\u0107 do uzdrowienia. J\u0119zyk t\u0142umaczenia ustnego opiera si\u0119 na trzech etapach:<br \/>\n1. rekonstrukcja z wywiadu biograficznego pacjenta lub rodzic\u00f3w i dziadk\u00f3w. Wa\u017cne jest tutaj rejestrowanie dyspozycji genetycznych.<br \/>\n2. ustanowienie zwi\u0105zku mi\u0119dzy biograficzn\u0105 anamnezj\u0105 a psychodynamik\u0105 w tu i teraz (istniej\u0105cy konflikt).<br \/>\n3 J\u0119zyk interpretacji s\u0142u\u017cy do wyja\u015bnienia przyczyn i rozwoju choroby, jej objaw\u00f3w i zwi\u0105zk\u00f3w ze zmianami w destrukcyjnych wzorcach zachowa\u0144 niemowl\u0105t w relacjach mi\u0119dzyludzkich. Jak przej\u015b\u0107 od tego wzorca zachowania do komunikatywnego zrozumienia \u015bwiata, empatii, pracy i \u017cycia akceptowanego spo\u0142ecznie.<br \/>\nTen proces zmian jest szczeg\u00f3lnie wa\u017cny w partnerstwie. Nast\u0119pnie formu\u0142owany jest cel terapeutyczny i dostosowywany do tego projektu.<br \/>\nMo\u017cna sobie wyobrazi\u0107 ten proces w nast\u0119puj\u0105cy spos\u00f3b:<br \/>\nTerapeut\u0119 mo\u017cna por\u00f3wna\u0107 jako metafor\u0119, z nurkiem w oceanie (ocean nale\u017cy rozumie\u0107 jako dusz\u0119 w jego g\u0142\u0119bi nie\u015bwiadomo\u015bci), kt\u00f3ry sam ma dost\u0119p do nie\u015bwiadomo\u015bci i sukcesywnie podnosi pojedyncze ukryte represje z nie\u015bwiadomej UBW poprzez przedwcze\u015bnie \u015bwiadom\u0105 VB do \u015bwiadomo\u015bci BW.<br \/>\nJe\u015bli terapeuta interpretuje pacjenta, pierwszym pytaniem jest to, czy pacjent zrozumia\u0142 interpretacj\u0119 i czy jest ona dla niego wiarygodna. W takim przypadku tre\u015b\u0107 zosta\u0142a przeniesiona z nie\u015bwiadomo\u015bci do nie\u015bwiadomo\u015bci. Je\u015bli pacjent nie b\u0119dzie ju\u017c d\u0142u\u017cej lub dalej zajmowa\u0142 si\u0119 t\u0105 zawarto\u015bci\u0105, istnieje niebezpiecze\u0144stwo, \u017ce zawarto\u015b\u0107 podwy\u017cszona do poziomu \u015bwiadomo\u015bci wst\u0119pnej utonie z powrotem do poziomu nie\u015bwiadomo\u015bci (op\u00f3r). Aby tak si\u0119 nie sta\u0142o, konieczne jest podniesienie \u015bwiadomo\u015bci, tak aby odkrycie by\u0142o zabezpieczone i nie wpad\u0142o z powrotem w nie\u015bwiadomo\u015b\u0107. Dla osi\u0105gni\u0119cia cel\u00f3w terapeutycznych kluczowe znaczenie ma internacjonalizacja, a nast\u0119pnie wdro\u017cenie. Poniewa\u017c wszystko jest procesem, nie powiniene\u015b si\u0119 rozpacza\u0107, kiedy do\u015bwiadczysz kolejnego niepowodzenia. Poniewa\u017c wdro\u017cenie nowych informacji wymaga czasu. Wa\u017cne jest to, \u017ce chcesz pracowa\u0107 nad sob\u0105 i jeste\u015b got\u00f3w stawi\u0107 czo\u0142a represjom.<br \/>\nJe\u015bli symptom rozproszenia mo\u017ce by\u0107 usuni\u0119te, inne tematy s\u0105 opracowywane w tym samym czasie i inne tematy, takie jak poczucie braku bezpiecze\u0144stwa, kompleksy ni\u017cszo\u015bci i strachu s\u0105 zamkni\u0119te i ro\u015bnie si\u0142a ego.<br \/>\nProwadzi to do ulgi w relacjach mi\u0119dzyludzkich, skutecznej komunikacji i harmonijnego wsp\u00f3\u0142istnienia. Pojawia si\u0119 zdrowa komunikacja: Dyskusje charakteryzuj\u0105 si\u0119 teraz przejrzysto\u015bci\u0105 i ostro\u015bci\u0105.<\/p>\n<p><strong>Univ. Prof. Dr. Andrawis<\/strong><\/p>\n<p><a href=\"https:\/\/www.andrawis-akademie.com\/wp-content\/uploads\/2019\/04\/9.-Objaw-rozproszenia-PL.pdf\"><img loading=\"lazy\" decoding=\"async\" class=\"aligncenter wp-image-3073\" src=\"https:\/\/www.andrawis-akademie.com\/wp-content\/uploads\/2019\/04\/download_pdf_button_png_413958-300x87.png\" alt=\"\" width=\"180\" height=\"52\" srcset=\"https:\/\/www.andrawis-akademie.com\/wp-content\/uploads\/2019\/04\/download_pdf_button_png_413958-300x87.png 300w, https:\/\/www.andrawis-akademie.com\/wp-content\/uploads\/2019\/04\/download_pdf_button_png_413958-450x130.png 450w, https:\/\/www.andrawis-akademie.com\/wp-content\/uploads\/2019\/04\/download_pdf_button_png_413958.png 520w\" sizes=\"auto, (max-width: 180px) 100vw, 180px\" \/><\/a><\/p>\n<\/div><\/section><\/div>\n","protected":false},"excerpt":{"rendered":"","protected":false},"author":5,"featured_media":0,"comment_status":"open","ping_status":"open","sticky":false,"template":"","format":"standard","meta":{"footnotes":""},"categories":[7],"tags":[],"class_list":["post-1126","post","type-post","status-publish","format-standard","hentry","category-tematy-psychoanalutyczne"],"yoast_head":"<!-- This site is optimized with the Yoast SEO plugin v27.3 - https:\/\/yoast.com\/product\/yoast-seo-wordpress\/ -->\n<title>Objaw rozproszenia - Prof. Dr. Andrawis Akademie f\u00fcr Ganzheitliche Medizin Psychosomatik und Psychotherapie<\/title>\n<meta name=\"robots\" content=\"index, follow, max-snippet:-1, max-image-preview:large, max-video-preview:-1\" \/>\n<link rel=\"canonical\" href=\"https:\/\/www.andrawis-akademie.com\/pl\/objaw-rozproszenia\/\" \/>\n<meta property=\"og:locale\" content=\"pl_PL\" \/>\n<meta property=\"og:type\" content=\"article\" \/>\n<meta property=\"og:title\" content=\"Objaw rozproszenia - Prof. Dr. Andrawis Akademie f\u00fcr Ganzheitliche Medizin Psychosomatik und Psychotherapie\" \/>\n<meta property=\"og:url\" content=\"https:\/\/www.andrawis-akademie.com\/pl\/objaw-rozproszenia\/\" \/>\n<meta property=\"og:site_name\" content=\"Prof. Dr. Andrawis Akademie f\u00fcr Ganzheitliche Medizin Psychosomatik und Psychotherapie\" \/>\n<meta property=\"article:published_time\" content=\"2019-04-18T12:33:43+00:00\" \/>\n<meta property=\"article:modified_time\" content=\"2019-05-30T12:50:21+00:00\" \/>\n<meta property=\"og:image\" content=\"https:\/\/www.andrawis-akademie.com\/wp-content\/uploads\/2019\/04\/download_pdf_button_png_413958-300x87.png\" \/>\n<meta name=\"author\" content=\"Viktor Toth\" \/>\n<meta name=\"twitter:card\" content=\"summary_large_image\" \/>\n<meta name=\"twitter:label1\" content=\"Napisane przez\" \/>\n\t<meta name=\"twitter:data1\" content=\"Viktor Toth\" \/>\n\t<meta name=\"twitter:label2\" content=\"Szacowany czas czytania\" \/>\n\t<meta name=\"twitter:data2\" content=\"5 minut\" \/>\n<script type=\"application\/ld+json\" class=\"yoast-schema-graph\">{\"@context\":\"https:\\\/\\\/schema.org\",\"@graph\":[{\"@type\":\"Article\",\"@id\":\"https:\\\/\\\/www.andrawis-akademie.com\\\/pl\\\/objaw-rozproszenia\\\/#article\",\"isPartOf\":{\"@id\":\"https:\\\/\\\/www.andrawis-akademie.com\\\/pl\\\/objaw-rozproszenia\\\/\"},\"author\":{\"name\":\"Viktor Toth\",\"@id\":\"https:\\\/\\\/www.andrawis-akademie.com\\\/pl\\\/#\\\/schema\\\/person\\\/742f3ef4c1a559bc9bb5f27939c2fb0a\"},\"headline\":\"Objaw rozproszenia\",\"datePublished\":\"2019-04-18T12:33:43+00:00\",\"dateModified\":\"2019-05-30T12:50:21+00:00\",\"mainEntityOfPage\":{\"@id\":\"https:\\\/\\\/www.andrawis-akademie.com\\\/pl\\\/objaw-rozproszenia\\\/\"},\"wordCount\":1093,\"commentCount\":0,\"image\":{\"@id\":\"https:\\\/\\\/www.andrawis-akademie.com\\\/pl\\\/objaw-rozproszenia\\\/#primaryimage\"},\"thumbnailUrl\":\"https:\\\/\\\/www.andrawis-akademie.com\\\/wp-content\\\/uploads\\\/2019\\\/04\\\/download_pdf_button_png_413958-300x87.png\",\"articleSection\":[\"1.Tematy psychoanalutyczne\"],\"inLanguage\":\"pl-PL\"},{\"@type\":\"WebPage\",\"@id\":\"https:\\\/\\\/www.andrawis-akademie.com\\\/pl\\\/objaw-rozproszenia\\\/\",\"url\":\"https:\\\/\\\/www.andrawis-akademie.com\\\/pl\\\/objaw-rozproszenia\\\/\",\"name\":\"Objaw rozproszenia - Prof. Dr. Andrawis Akademie f\u00fcr Ganzheitliche Medizin Psychosomatik und Psychotherapie\",\"isPartOf\":{\"@id\":\"https:\\\/\\\/www.andrawis-akademie.com\\\/pl\\\/#website\"},\"primaryImageOfPage\":{\"@id\":\"https:\\\/\\\/www.andrawis-akademie.com\\\/pl\\\/objaw-rozproszenia\\\/#primaryimage\"},\"image\":{\"@id\":\"https:\\\/\\\/www.andrawis-akademie.com\\\/pl\\\/objaw-rozproszenia\\\/#primaryimage\"},\"thumbnailUrl\":\"https:\\\/\\\/www.andrawis-akademie.com\\\/wp-content\\\/uploads\\\/2019\\\/04\\\/download_pdf_button_png_413958-300x87.png\",\"datePublished\":\"2019-04-18T12:33:43+00:00\",\"dateModified\":\"2019-05-30T12:50:21+00:00\",\"author\":{\"@id\":\"https:\\\/\\\/www.andrawis-akademie.com\\\/pl\\\/#\\\/schema\\\/person\\\/742f3ef4c1a559bc9bb5f27939c2fb0a\"},\"breadcrumb\":{\"@id\":\"https:\\\/\\\/www.andrawis-akademie.com\\\/pl\\\/objaw-rozproszenia\\\/#breadcrumb\"},\"inLanguage\":\"pl-PL\",\"potentialAction\":[{\"@type\":\"ReadAction\",\"target\":[\"https:\\\/\\\/www.andrawis-akademie.com\\\/pl\\\/objaw-rozproszenia\\\/\"]}]},{\"@type\":\"ImageObject\",\"inLanguage\":\"pl-PL\",\"@id\":\"https:\\\/\\\/www.andrawis-akademie.com\\\/pl\\\/objaw-rozproszenia\\\/#primaryimage\",\"url\":\"https:\\\/\\\/www.andrawis-akademie.com\\\/wp-content\\\/uploads\\\/2019\\\/04\\\/download_pdf_button_png_413958-300x87.png\",\"contentUrl\":\"https:\\\/\\\/www.andrawis-akademie.com\\\/wp-content\\\/uploads\\\/2019\\\/04\\\/download_pdf_button_png_413958-300x87.png\"},{\"@type\":\"BreadcrumbList\",\"@id\":\"https:\\\/\\\/www.andrawis-akademie.com\\\/pl\\\/objaw-rozproszenia\\\/#breadcrumb\",\"itemListElement\":[{\"@type\":\"ListItem\",\"position\":1,\"name\":\"Startseite\",\"item\":\"https:\\\/\\\/www.andrawis-akademie.com\\\/pl\\\/home\\\/\"},{\"@type\":\"ListItem\",\"position\":2,\"name\":\"Objaw rozproszenia\"}]},{\"@type\":\"WebSite\",\"@id\":\"https:\\\/\\\/www.andrawis-akademie.com\\\/pl\\\/#website\",\"url\":\"https:\\\/\\\/www.andrawis-akademie.com\\\/pl\\\/\",\"name\":\"Prof. Dr. Andrawis Akademie f\u00fcr Ganzheitliche Medizin Psychosomatik und Psychotherapie\",\"description\":\"Prof. Dr. Andrawis Andrawis Psychotherapie - Wissenschaft &amp; Psychoanalyse\",\"potentialAction\":[{\"@type\":\"SearchAction\",\"target\":{\"@type\":\"EntryPoint\",\"urlTemplate\":\"https:\\\/\\\/www.andrawis-akademie.com\\\/pl\\\/?s={search_term_string}\"},\"query-input\":{\"@type\":\"PropertyValueSpecification\",\"valueRequired\":true,\"valueName\":\"search_term_string\"}}],\"inLanguage\":\"pl-PL\"},{\"@type\":\"Person\",\"@id\":\"https:\\\/\\\/www.andrawis-akademie.com\\\/pl\\\/#\\\/schema\\\/person\\\/742f3ef4c1a559bc9bb5f27939c2fb0a\",\"name\":\"Viktor Toth\",\"image\":{\"@type\":\"ImageObject\",\"inLanguage\":\"pl-PL\",\"@id\":\"https:\\\/\\\/secure.gravatar.com\\\/avatar\\\/3f782e6f56d5ccd59c2514ab8afb24b8a235e2c9632835123a4d4a9a5539e073?s=96&d=mm&r=g\",\"url\":\"https:\\\/\\\/secure.gravatar.com\\\/avatar\\\/3f782e6f56d5ccd59c2514ab8afb24b8a235e2c9632835123a4d4a9a5539e073?s=96&d=mm&r=g\",\"contentUrl\":\"https:\\\/\\\/secure.gravatar.com\\\/avatar\\\/3f782e6f56d5ccd59c2514ab8afb24b8a235e2c9632835123a4d4a9a5539e073?s=96&d=mm&r=g\",\"caption\":\"Viktor Toth\"},\"url\":\"https:\\\/\\\/www.andrawis-akademie.com\\\/pl\\\/author\\\/t-vektor007gmail-com\\\/\"}]}<\/script>\n<!-- \/ Yoast SEO plugin. -->","yoast_head_json":{"title":"Objaw rozproszenia - Prof. Dr. Andrawis Akademie f\u00fcr Ganzheitliche Medizin Psychosomatik und Psychotherapie","robots":{"index":"index","follow":"follow","max-snippet":"max-snippet:-1","max-image-preview":"max-image-preview:large","max-video-preview":"max-video-preview:-1"},"canonical":"https:\/\/www.andrawis-akademie.com\/pl\/objaw-rozproszenia\/","og_locale":"pl_PL","og_type":"article","og_title":"Objaw rozproszenia - Prof. Dr. Andrawis Akademie f\u00fcr Ganzheitliche Medizin Psychosomatik und Psychotherapie","og_url":"https:\/\/www.andrawis-akademie.com\/pl\/objaw-rozproszenia\/","og_site_name":"Prof. Dr. Andrawis Akademie f\u00fcr Ganzheitliche Medizin Psychosomatik und Psychotherapie","article_published_time":"2019-04-18T12:33:43+00:00","article_modified_time":"2019-05-30T12:50:21+00:00","og_image":[{"url":"https:\/\/www.andrawis-akademie.com\/wp-content\/uploads\/2019\/04\/download_pdf_button_png_413958-300x87.png","type":"","width":"","height":""}],"author":"Viktor Toth","twitter_card":"summary_large_image","twitter_misc":{"Napisane przez":"Viktor Toth","Szacowany czas czytania":"5 minut"},"schema":{"@context":"https:\/\/schema.org","@graph":[{"@type":"Article","@id":"https:\/\/www.andrawis-akademie.com\/pl\/objaw-rozproszenia\/#article","isPartOf":{"@id":"https:\/\/www.andrawis-akademie.com\/pl\/objaw-rozproszenia\/"},"author":{"name":"Viktor Toth","@id":"https:\/\/www.andrawis-akademie.com\/pl\/#\/schema\/person\/742f3ef4c1a559bc9bb5f27939c2fb0a"},"headline":"Objaw rozproszenia","datePublished":"2019-04-18T12:33:43+00:00","dateModified":"2019-05-30T12:50:21+00:00","mainEntityOfPage":{"@id":"https:\/\/www.andrawis-akademie.com\/pl\/objaw-rozproszenia\/"},"wordCount":1093,"commentCount":0,"image":{"@id":"https:\/\/www.andrawis-akademie.com\/pl\/objaw-rozproszenia\/#primaryimage"},"thumbnailUrl":"https:\/\/www.andrawis-akademie.com\/wp-content\/uploads\/2019\/04\/download_pdf_button_png_413958-300x87.png","articleSection":["1.Tematy psychoanalutyczne"],"inLanguage":"pl-PL"},{"@type":"WebPage","@id":"https:\/\/www.andrawis-akademie.com\/pl\/objaw-rozproszenia\/","url":"https:\/\/www.andrawis-akademie.com\/pl\/objaw-rozproszenia\/","name":"Objaw rozproszenia - Prof. Dr. Andrawis Akademie f\u00fcr Ganzheitliche Medizin Psychosomatik und Psychotherapie","isPartOf":{"@id":"https:\/\/www.andrawis-akademie.com\/pl\/#website"},"primaryImageOfPage":{"@id":"https:\/\/www.andrawis-akademie.com\/pl\/objaw-rozproszenia\/#primaryimage"},"image":{"@id":"https:\/\/www.andrawis-akademie.com\/pl\/objaw-rozproszenia\/#primaryimage"},"thumbnailUrl":"https:\/\/www.andrawis-akademie.com\/wp-content\/uploads\/2019\/04\/download_pdf_button_png_413958-300x87.png","datePublished":"2019-04-18T12:33:43+00:00","dateModified":"2019-05-30T12:50:21+00:00","author":{"@id":"https:\/\/www.andrawis-akademie.com\/pl\/#\/schema\/person\/742f3ef4c1a559bc9bb5f27939c2fb0a"},"breadcrumb":{"@id":"https:\/\/www.andrawis-akademie.com\/pl\/objaw-rozproszenia\/#breadcrumb"},"inLanguage":"pl-PL","potentialAction":[{"@type":"ReadAction","target":["https:\/\/www.andrawis-akademie.com\/pl\/objaw-rozproszenia\/"]}]},{"@type":"ImageObject","inLanguage":"pl-PL","@id":"https:\/\/www.andrawis-akademie.com\/pl\/objaw-rozproszenia\/#primaryimage","url":"https:\/\/www.andrawis-akademie.com\/wp-content\/uploads\/2019\/04\/download_pdf_button_png_413958-300x87.png","contentUrl":"https:\/\/www.andrawis-akademie.com\/wp-content\/uploads\/2019\/04\/download_pdf_button_png_413958-300x87.png"},{"@type":"BreadcrumbList","@id":"https:\/\/www.andrawis-akademie.com\/pl\/objaw-rozproszenia\/#breadcrumb","itemListElement":[{"@type":"ListItem","position":1,"name":"Startseite","item":"https:\/\/www.andrawis-akademie.com\/pl\/home\/"},{"@type":"ListItem","position":2,"name":"Objaw rozproszenia"}]},{"@type":"WebSite","@id":"https:\/\/www.andrawis-akademie.com\/pl\/#website","url":"https:\/\/www.andrawis-akademie.com\/pl\/","name":"Prof. Dr. Andrawis Akademie f\u00fcr Ganzheitliche Medizin Psychosomatik und Psychotherapie","description":"Prof. Dr. Andrawis Andrawis Psychotherapie - Wissenschaft &amp; Psychoanalyse","potentialAction":[{"@type":"SearchAction","target":{"@type":"EntryPoint","urlTemplate":"https:\/\/www.andrawis-akademie.com\/pl\/?s={search_term_string}"},"query-input":{"@type":"PropertyValueSpecification","valueRequired":true,"valueName":"search_term_string"}}],"inLanguage":"pl-PL"},{"@type":"Person","@id":"https:\/\/www.andrawis-akademie.com\/pl\/#\/schema\/person\/742f3ef4c1a559bc9bb5f27939c2fb0a","name":"Viktor Toth","image":{"@type":"ImageObject","inLanguage":"pl-PL","@id":"https:\/\/secure.gravatar.com\/avatar\/3f782e6f56d5ccd59c2514ab8afb24b8a235e2c9632835123a4d4a9a5539e073?s=96&d=mm&r=g","url":"https:\/\/secure.gravatar.com\/avatar\/3f782e6f56d5ccd59c2514ab8afb24b8a235e2c9632835123a4d4a9a5539e073?s=96&d=mm&r=g","contentUrl":"https:\/\/secure.gravatar.com\/avatar\/3f782e6f56d5ccd59c2514ab8afb24b8a235e2c9632835123a4d4a9a5539e073?s=96&d=mm&r=g","caption":"Viktor Toth"},"url":"https:\/\/www.andrawis-akademie.com\/pl\/author\/t-vektor007gmail-com\/"}]}},"_links":{"self":[{"href":"https:\/\/www.andrawis-akademie.com\/pl\/wp-json\/wp\/v2\/posts\/1126","targetHints":{"allow":["GET"]}}],"collection":[{"href":"https:\/\/www.andrawis-akademie.com\/pl\/wp-json\/wp\/v2\/posts"}],"about":[{"href":"https:\/\/www.andrawis-akademie.com\/pl\/wp-json\/wp\/v2\/types\/post"}],"author":[{"embeddable":true,"href":"https:\/\/www.andrawis-akademie.com\/pl\/wp-json\/wp\/v2\/users\/5"}],"replies":[{"embeddable":true,"href":"https:\/\/www.andrawis-akademie.com\/pl\/wp-json\/wp\/v2\/comments?post=1126"}],"version-history":[{"count":2,"href":"https:\/\/www.andrawis-akademie.com\/pl\/wp-json\/wp\/v2\/posts\/1126\/revisions"}],"predecessor-version":[{"id":3204,"href":"https:\/\/www.andrawis-akademie.com\/pl\/wp-json\/wp\/v2\/posts\/1126\/revisions\/3204"}],"wp:attachment":[{"href":"https:\/\/www.andrawis-akademie.com\/pl\/wp-json\/wp\/v2\/media?parent=1126"}],"wp:term":[{"taxonomy":"category","embeddable":true,"href":"https:\/\/www.andrawis-akademie.com\/pl\/wp-json\/wp\/v2\/categories?post=1126"},{"taxonomy":"post_tag","embeddable":true,"href":"https:\/\/www.andrawis-akademie.com\/pl\/wp-json\/wp\/v2\/tags?post=1126"}],"curies":[{"name":"wp","href":"https:\/\/api.w.org\/{rel}","templated":true}]}}