{"id":1258,"date":"2019-04-18T18:18:39","date_gmt":"2019-04-18T16:18:39","guid":{"rendered":"https:\/\/www.andrawis-akademie.com\/?p=1258"},"modified":"2019-05-30T14:58:38","modified_gmt":"2019-05-30T12:58:38","slug":"generalisierte-angststorung","status":"publish","type":"post","link":"https:\/\/www.andrawis-akademie.com\/pl\/generalisierte-angststorung\/","title":{"rendered":"Generalisierte Angstst\u00f6rung"},"content":{"rendered":"\n<style type=\"text\/css\" data-created_by=\"avia_inline_auto\" id=\"style-css-av-2ikwy2-eea115b7bcc79bf422974dad536bdbcd\">\n.flex_column.av-2ikwy2-eea115b7bcc79bf422974dad536bdbcd{\nborder-radius:0px 0px 0px 0px;\npadding:0px 0px 0px 0px;\n}\n<\/style>\n<div  class='flex_column av-2ikwy2-eea115b7bcc79bf422974dad536bdbcd av_one_full  avia-builder-el-0  avia-builder-el-no-sibling  first flex_column_div av-zero-column-padding  '     ><section  class='av_textblock_section av-jumun56f-0e098a2d77026d8b02301eba863b62ab '   itemscope=\"itemscope\" itemtype=\"https:\/\/schema.org\/BlogPosting\" itemprop=\"blogPost\" ><div class='avia_textblock'  itemprop=\"text\" ><h1 style=\"text-align: center;\">Uog\u00f3lnione zaburzenia l\u0119kowe F41.1 kod DSM-5 300. 82<\/h1>\n<p>Diagnoza zaburze\u0144 l\u0119kowych uog\u00f3lnionych wed\u0142ug mi\u0119dzynarodowej klasyfikacji zaburze\u0144 psychicznych. ICD-10, rozdzia\u0142 V. F. Clinical Diagnostic Guidelines and DSM-5 Code (Dilling et al. 2008).<\/p>\n<p style=\"text-align: center;\"><strong>Zdefiniowanie<\/strong><\/p>\n<p>Strach, kt\u00f3ry trwa d\u0142ugo, jest uog\u00f3lniony i nie jest skierowany na konkretne obiekty lub sytuacje. Jest swobodnie p\u0142ywaj\u0105cy i w przeciwie\u0144stwie do strachu nie stanowi realnego zagro\u017cenia. Nadpobudliwo\u015b\u0107 wegetatywna i napi\u0119cie motoryczne s\u0105 r\u00f3wnie\u017c objawami zwi\u0105zanymi z l\u0119kiem.<br \/>\nRozr\u00f3\u017cnienie mi\u0119dzy uog\u00f3lnionym zaburzeniem l\u0119kowym a innymi zaburzeniami l\u0119kowymi jest bardzo skomplikowane. W przesz\u0142o\u015bci za objawy nerwicy l\u0119kowej opisywano zmniejszenie wydajno\u015bci pracy, wzmo\u017con\u0105 czujno\u015b\u0107, zwi\u0119kszon\u0105 uwag\u0119, alarm, uczucie napi\u0119cia, a tak\u017ce rozdra\u017cnienie i zaburzenia snu: Brunhuber i Lieb uwa\u017caj\u0105 uog\u00f3lnione zaburzenia l\u0119kowe za zaburzenia zwi\u0105zane z przewlek\u0142ymi dolegliwo\u015bciami (Brunnhuber i Lieb 2000).3.3 Diagnostyka &#8211; diagnostyka r\u00f3\u017cnicowa<br \/>\nW diagnostyce zaburze\u0144 l\u0119kowych istotne jest, czy jest to l\u0119k pierwotny, czy te\u017c objaw ten jest kolejn\u0105 chorob\u0105 psychiczn\u0105. M\u00f6ller i wsp. podkre\u015blaj\u0105 znaczenie rozr\u00f3\u017cnienia objaw\u00f3w depresji i l\u0119ku, jak r\u00f3wnie\u017c rozr\u00f3\u017cnienia od zaburze\u0144 l\u0119kowych uog\u00f3lnionych. Je\u015bli to rozdzielenie nie jest \u0142atwe, nale\u017cy wyja\u015bni\u0107, czy podstawowym objawem jest sam strach (M\u00f6ller i in. 2005).<br \/>\nU pacjent\u00f3w z uog\u00f3lnionym zaburzeniem l\u0119kowym, wywiady koncentruj\u0105 si\u0119 na tym zagadnieniu. Stwierdza si\u0119 nadmiern\u0105 trosk\u0119 pacjent\u00f3w o sprawy rodzinne, finansowe i zawodowe, kt\u00f3rych nie s\u0105 oni w stanie kontrolowa\u0107. A uog\u00f3lnione zaburzenia l\u0119kowe nie mog\u0105 by\u0107 mieszane z innymi zaburzeniami l\u0119kowymi, takimi jak psychozy organiczne, psychozy endogenne lub zaburzenia psychogeniczne, zaburzenia fobiczne F40, epizody depresyjne F32, zaburzenia paniki F14.0 i zaburzenia obsesyjne kompulsywne F42, jak r\u00f3wnie\u017c neurastenia F48.0. Wed\u0142ug Brunhubera i wsp.<\/p>\n<p style=\"text-align: center;\"><strong>4.2 Zalecenie w terapii<\/strong><\/p>\n<p>W terapii zaburze\u0144 l\u0119kowych uog\u00f3lnionych g\u0142\u00f3wny nacisk nale\u017cy po\u0142o\u017cy\u0107 nie tylko na objawy, ale raczej na to, na jakiej podstawie rozwijaj\u0105 si\u0119 ich przyczyny i jak je zwalcza\u0107. Z jednej strony lekarz lub terapeuta powinien po\u015bwi\u0119ci\u0107 wystarczaj\u0105co du\u017co czasu dla swojego pacjenta, a z drugiej strony motywacja pacjenta odgrywa decyduj\u0105c\u0105 rol\u0119. Osoba dotkni\u0119ta chorob\u0105 powinna sta\u0107 z boku swojego strachu i uzna\u0107, \u017ce strach ten jest g\u0142\u00f3wnym cierpieniem (M\u00f6ller i in. 2005).<br \/>\nPomocna mo\u017ce by\u0107 rozmowa z samym pacjentem. Partnerskie relacje w terapiach powinny reprezentowa\u0107 trwa\u0142\u0105 i pe\u0142n\u0105 szacunku wsp\u00f3\u0142prac\u0119. Cz\u0119sto\u015b\u0107 wyst\u0119powania tego zaburzenia mo\u017cna okre\u015bli\u0107 na podstawie cz\u0119sto\u015bci jego wyst\u0119powania w ci\u0105gu ca\u0142ego \u017cycia, kt\u00f3ra dotyka od 7 do 8% wi\u0119cej kobiet ni\u017c m\u0119\u017cczyzn. Cech\u0105 charakterystyczn\u0105 tego zaburzenia jest przesadny strach, szczeg\u00f3lnie w odniesieniu do okoliczno\u015bci \u017cycia. L\u0119ki i obawy mog\u0105 by\u0107, na przyk\u0142ad, obawy o w\u0142asne dziecko, takie jak strach, \u017ce co\u015b mo\u017ce si\u0119 wydarzy\u0107 z dzieckiem. Nieustannie martwi\u0105c si\u0119 o pieni\u0105dze, mog\u0105 r\u00f3wnie\u017c pojawi\u0107 si\u0119 egzystencjalne obawy i obawy o przysz\u0142o\u015b\u0107. Obawy te musz\u0105 trwa\u0107 przez d\u0142ugi czas, aby mo\u017cna je by\u0142o zdefiniowa\u0107 jako uog\u00f3lnione zaburzenie l\u0119kowe. W przypadku DSM-IV czas trwania wynosi 6 miesi\u0119cy. W ICD-10 V. F. m\u00f3wi si\u0119 o czasie trwania kilku tygodni. W tym czasie pacjenci zazwyczaj reaguj\u0105 z dystansu lub rozproszenia uwagi. G\u0142\u00f3wnymi oznakami tych objaw\u00f3w s\u0105 niepok\u00f3j, dr\u017cenie, napi\u0119cie mi\u0119\u015bniowe, kt\u00f3re mo\u017cna r\u00f3wnie\u017c nazwa\u0107 napi\u0119ciem motorycznym. Na poziomie wegetatywnym wyst\u0119puje nadpobudliwo\u015b\u0107, niepok\u00f3j i duszno\u015b\u0107 (M\u00f6ller i in. 2005). Dilling et al (2011) wymieniaj\u0105 r\u00f3wnie\u017c nast\u0119puj\u0105ce objawy indywidualne: napi\u0119cie silnika, sucho\u015b\u0107 w jamie ustnej, b\u00f3le w g\u00f3rnej cz\u0119\u015bci brzucha, tachypnoe\/tachykardia, zawroty g\u0142owy, b\u00f3le g\u0142owy spowodowane napi\u0119ciem, pocenie si\u0119, problemy z koncentracj\u0105, nerwowo\u015b\u0107 i obawy o przysz\u0142e nieszcz\u0119\u015bcie. Podstawowe objawy uog\u00f3lnionego zaburzenia l\u0119kowego wyst\u0119puj\u0105 przez kilka tygodni (ibid.).<\/p>\n<p style=\"text-align: center;\"><strong>4.3 Diagnostyka wed\u0142ug DSM-IV<\/strong><\/p>\n<p>Wed\u0142ug DSM-IV, zaburzenia l\u0119kowe tego rodzaju s\u0105 nieproporcjonalne obawy i obawy o r\u00f3\u017cne zdarzenia i dzia\u0142ania, kt\u00f3re musz\u0105 trwa\u0107 co najmniej 6 miesi\u0119cy. Opieka l\u0119kowa ma negatywny wp\u0142yw na \u017cycie zawodowe, spo\u0142eczne i codzienne. Dotkni\u0119ci tym problemem ludzie maj\u0105 trudno\u015bci z uzyskaniem kontroli nad swoim cierpieniem, strachem i l\u0119kiem. Kolejne oznaki to nieproporcjonalny niepok\u00f3j i strach, a tak\u017ce oczekiwanie strachu przed codziennymi wydarzeniami i poczucie winy.<br \/>\nAby zwalczy\u0107 te objawy, na pierwszym planie jest zrozumienie i empatia. Obawy i objawy pacjenta powinny by\u0107 traktowane absolutnie powa\u017cnie, szczeg\u00f3lnie subiektywne postrzeganie z punktu widzenia pacjenta. Oznacza to, \u017ce skargi nie nale\u017cy postrzega\u0107 jako wyobra\u017ani, ale jako rzeczywisto\u015b\u0107. Nale\u017cy informowa\u0107 i edukowa\u0107 krewnych. M\u00f6ller i wsp. podkre\u015blaj\u0105 znaczenie podej\u015bcia farmakologicznego, a wykrywanie metodami psychoanalitycznymi odgrywa wa\u017cn\u0105 rol\u0119 (M\u00f6ller i wsp. 2005).<\/p>\n<p style=\"text-align: center;\"><strong>4.4 Przezwyci\u0119\u017cenie l\u0119ku w psychoanalizie<\/strong><\/p>\n<p>W psychoanalizie pacjent jest postrzegany holistycznie: Wszystko jest wa\u017cne i traktowane powa\u017cnie, nie tylko objawy i ich cierpienie, ale tak\u017ce ich przyczyny. Dlatego te\u017c metody psychoanalityczne staraj\u0105 si\u0119 bada\u0107 podstawowe zaburzenia l\u0119kowe oraz dzia\u0142a\u0107 poprzez wczesne represje i urazy u dzieci. G\u0142\u00f3wnym celem jest strategia przezwyci\u0119\u017cania strachu. Terapia musi by\u0107 prowadzona nieprzerwanie przez kilka lat. Mo\u017cna to wyt\u0142umaczy\u0107 faktem, \u017ce jest to nie tylko kwestia radzenia sobie z zaburzeniami l\u0119kowymi, ale r\u00f3wnie\u017c odkrycia podstawowych brak\u00f3w strukturalnych, kt\u00f3re powsta\u0142y z relacji obiektowej, triangulacji: matka, ojciec, dziecko, w wyniku os\u0142abienia ego (M\u00f6ller i inni 2005). Mo\u017ce by\u0107 tak, \u017ce Twoje dzieci\u0119ce zachowanie nie wierzy ju\u017c w siebie.<\/p>\n<p><strong>Univ. Prof. Dr. Andrawis<\/strong><\/p>\n<p><a href=\"https:\/\/www.andrawis-akademie.com\/wp-content\/uploads\/2019\/04\/3.-Generalisierte-Angstst\u00f6rung-F41-PL.pdf\"><img loading=\"lazy\" decoding=\"async\" class=\"aligncenter wp-image-3073\" src=\"https:\/\/www.andrawis-akademie.com\/wp-content\/uploads\/2019\/04\/download_pdf_button_png_413958-300x87.png\" alt=\"\" width=\"180\" height=\"52\" srcset=\"https:\/\/www.andrawis-akademie.com\/wp-content\/uploads\/2019\/04\/download_pdf_button_png_413958-300x87.png 300w, https:\/\/www.andrawis-akademie.com\/wp-content\/uploads\/2019\/04\/download_pdf_button_png_413958-450x130.png 450w, https:\/\/www.andrawis-akademie.com\/wp-content\/uploads\/2019\/04\/download_pdf_button_png_413958.png 520w\" sizes=\"auto, (max-width: 180px) 100vw, 180px\" \/><\/a><\/p>\n<\/div><\/section><\/div>\n","protected":false},"excerpt":{"rendered":"","protected":false},"author":5,"featured_media":0,"comment_status":"open","ping_status":"open","sticky":false,"template":"","format":"standard","meta":{"footnotes":""},"categories":[52],"tags":[],"class_list":["post-1258","post","type-post","status-publish","format-standard","hentry","category-artykuly-medyczne"],"yoast_head":"<!-- This site is optimized with the Yoast SEO plugin v27.3 - https:\/\/yoast.com\/product\/yoast-seo-wordpress\/ -->\n<title>Generalisierte Angstst\u00f6rung - Prof. Dr. Andrawis Akademie f\u00fcr Ganzheitliche Medizin Psychosomatik und Psychotherapie<\/title>\n<meta name=\"robots\" content=\"index, follow, max-snippet:-1, max-image-preview:large, max-video-preview:-1\" \/>\n<link rel=\"canonical\" href=\"https:\/\/www.andrawis-akademie.com\/pl\/generalisierte-angststorung\/\" \/>\n<meta property=\"og:locale\" content=\"pl_PL\" \/>\n<meta property=\"og:type\" content=\"article\" \/>\n<meta property=\"og:title\" content=\"Generalisierte Angstst\u00f6rung - Prof. Dr. Andrawis Akademie f\u00fcr Ganzheitliche Medizin Psychosomatik und Psychotherapie\" \/>\n<meta property=\"og:url\" content=\"https:\/\/www.andrawis-akademie.com\/pl\/generalisierte-angststorung\/\" \/>\n<meta property=\"og:site_name\" content=\"Prof. Dr. Andrawis Akademie f\u00fcr Ganzheitliche Medizin Psychosomatik und Psychotherapie\" \/>\n<meta property=\"article:published_time\" content=\"2019-04-18T16:18:39+00:00\" \/>\n<meta property=\"article:modified_time\" content=\"2019-05-30T12:58:38+00:00\" \/>\n<meta property=\"og:image\" content=\"https:\/\/www.andrawis-akademie.com\/wp-content\/uploads\/2019\/04\/download_pdf_button_png_413958-300x87.png\" \/>\n<meta name=\"author\" content=\"Viktor Toth\" \/>\n<meta name=\"twitter:card\" content=\"summary_large_image\" \/>\n<meta name=\"twitter:label1\" content=\"Napisane przez\" \/>\n\t<meta name=\"twitter:data1\" content=\"Viktor Toth\" \/>\n\t<meta name=\"twitter:label2\" content=\"Szacowany czas czytania\" \/>\n\t<meta name=\"twitter:data2\" content=\"5 minut\" \/>\n<script type=\"application\/ld+json\" class=\"yoast-schema-graph\">{\"@context\":\"https:\\\/\\\/schema.org\",\"@graph\":[{\"@type\":\"Article\",\"@id\":\"https:\\\/\\\/www.andrawis-akademie.com\\\/pl\\\/generalisierte-angststorung\\\/#article\",\"isPartOf\":{\"@id\":\"https:\\\/\\\/www.andrawis-akademie.com\\\/pl\\\/generalisierte-angststorung\\\/\"},\"author\":{\"name\":\"Viktor Toth\",\"@id\":\"https:\\\/\\\/www.andrawis-akademie.com\\\/pl\\\/#\\\/schema\\\/person\\\/742f3ef4c1a559bc9bb5f27939c2fb0a\"},\"headline\":\"Generalisierte Angstst\u00f6rung\",\"datePublished\":\"2019-04-18T16:18:39+00:00\",\"dateModified\":\"2019-05-30T12:58:38+00:00\",\"mainEntityOfPage\":{\"@id\":\"https:\\\/\\\/www.andrawis-akademie.com\\\/pl\\\/generalisierte-angststorung\\\/\"},\"wordCount\":1091,\"commentCount\":0,\"image\":{\"@id\":\"https:\\\/\\\/www.andrawis-akademie.com\\\/pl\\\/generalisierte-angststorung\\\/#primaryimage\"},\"thumbnailUrl\":\"https:\\\/\\\/www.andrawis-akademie.com\\\/wp-content\\\/uploads\\\/2019\\\/04\\\/download_pdf_button_png_413958-300x87.png\",\"articleSection\":[\"2.Artyku\u0142y medyczne\"],\"inLanguage\":\"pl-PL\"},{\"@type\":\"WebPage\",\"@id\":\"https:\\\/\\\/www.andrawis-akademie.com\\\/pl\\\/generalisierte-angststorung\\\/\",\"url\":\"https:\\\/\\\/www.andrawis-akademie.com\\\/pl\\\/generalisierte-angststorung\\\/\",\"name\":\"Generalisierte Angstst\u00f6rung - Prof. Dr. Andrawis Akademie f\u00fcr Ganzheitliche Medizin Psychosomatik und Psychotherapie\",\"isPartOf\":{\"@id\":\"https:\\\/\\\/www.andrawis-akademie.com\\\/pl\\\/#website\"},\"primaryImageOfPage\":{\"@id\":\"https:\\\/\\\/www.andrawis-akademie.com\\\/pl\\\/generalisierte-angststorung\\\/#primaryimage\"},\"image\":{\"@id\":\"https:\\\/\\\/www.andrawis-akademie.com\\\/pl\\\/generalisierte-angststorung\\\/#primaryimage\"},\"thumbnailUrl\":\"https:\\\/\\\/www.andrawis-akademie.com\\\/wp-content\\\/uploads\\\/2019\\\/04\\\/download_pdf_button_png_413958-300x87.png\",\"datePublished\":\"2019-04-18T16:18:39+00:00\",\"dateModified\":\"2019-05-30T12:58:38+00:00\",\"author\":{\"@id\":\"https:\\\/\\\/www.andrawis-akademie.com\\\/pl\\\/#\\\/schema\\\/person\\\/742f3ef4c1a559bc9bb5f27939c2fb0a\"},\"breadcrumb\":{\"@id\":\"https:\\\/\\\/www.andrawis-akademie.com\\\/pl\\\/generalisierte-angststorung\\\/#breadcrumb\"},\"inLanguage\":\"pl-PL\",\"potentialAction\":[{\"@type\":\"ReadAction\",\"target\":[\"https:\\\/\\\/www.andrawis-akademie.com\\\/pl\\\/generalisierte-angststorung\\\/\"]}]},{\"@type\":\"ImageObject\",\"inLanguage\":\"pl-PL\",\"@id\":\"https:\\\/\\\/www.andrawis-akademie.com\\\/pl\\\/generalisierte-angststorung\\\/#primaryimage\",\"url\":\"https:\\\/\\\/www.andrawis-akademie.com\\\/wp-content\\\/uploads\\\/2019\\\/04\\\/download_pdf_button_png_413958-300x87.png\",\"contentUrl\":\"https:\\\/\\\/www.andrawis-akademie.com\\\/wp-content\\\/uploads\\\/2019\\\/04\\\/download_pdf_button_png_413958-300x87.png\"},{\"@type\":\"BreadcrumbList\",\"@id\":\"https:\\\/\\\/www.andrawis-akademie.com\\\/pl\\\/generalisierte-angststorung\\\/#breadcrumb\",\"itemListElement\":[{\"@type\":\"ListItem\",\"position\":1,\"name\":\"Startseite\",\"item\":\"https:\\\/\\\/www.andrawis-akademie.com\\\/pl\\\/home\\\/\"},{\"@type\":\"ListItem\",\"position\":2,\"name\":\"Generalisierte Angstst\u00f6rung\"}]},{\"@type\":\"WebSite\",\"@id\":\"https:\\\/\\\/www.andrawis-akademie.com\\\/pl\\\/#website\",\"url\":\"https:\\\/\\\/www.andrawis-akademie.com\\\/pl\\\/\",\"name\":\"Prof. Dr. Andrawis Akademie f\u00fcr Ganzheitliche Medizin Psychosomatik und Psychotherapie\",\"description\":\"Prof. Dr. Andrawis Andrawis Psychotherapie - Wissenschaft &amp; Psychoanalyse\",\"potentialAction\":[{\"@type\":\"SearchAction\",\"target\":{\"@type\":\"EntryPoint\",\"urlTemplate\":\"https:\\\/\\\/www.andrawis-akademie.com\\\/pl\\\/?s={search_term_string}\"},\"query-input\":{\"@type\":\"PropertyValueSpecification\",\"valueRequired\":true,\"valueName\":\"search_term_string\"}}],\"inLanguage\":\"pl-PL\"},{\"@type\":\"Person\",\"@id\":\"https:\\\/\\\/www.andrawis-akademie.com\\\/pl\\\/#\\\/schema\\\/person\\\/742f3ef4c1a559bc9bb5f27939c2fb0a\",\"name\":\"Viktor Toth\",\"image\":{\"@type\":\"ImageObject\",\"inLanguage\":\"pl-PL\",\"@id\":\"https:\\\/\\\/secure.gravatar.com\\\/avatar\\\/3f782e6f56d5ccd59c2514ab8afb24b8a235e2c9632835123a4d4a9a5539e073?s=96&d=mm&r=g\",\"url\":\"https:\\\/\\\/secure.gravatar.com\\\/avatar\\\/3f782e6f56d5ccd59c2514ab8afb24b8a235e2c9632835123a4d4a9a5539e073?s=96&d=mm&r=g\",\"contentUrl\":\"https:\\\/\\\/secure.gravatar.com\\\/avatar\\\/3f782e6f56d5ccd59c2514ab8afb24b8a235e2c9632835123a4d4a9a5539e073?s=96&d=mm&r=g\",\"caption\":\"Viktor Toth\"},\"url\":\"https:\\\/\\\/www.andrawis-akademie.com\\\/pl\\\/author\\\/t-vektor007gmail-com\\\/\"}]}<\/script>\n<!-- \/ Yoast SEO plugin. -->","yoast_head_json":{"title":"Generalisierte Angstst\u00f6rung - Prof. Dr. Andrawis Akademie f\u00fcr Ganzheitliche Medizin Psychosomatik und Psychotherapie","robots":{"index":"index","follow":"follow","max-snippet":"max-snippet:-1","max-image-preview":"max-image-preview:large","max-video-preview":"max-video-preview:-1"},"canonical":"https:\/\/www.andrawis-akademie.com\/pl\/generalisierte-angststorung\/","og_locale":"pl_PL","og_type":"article","og_title":"Generalisierte Angstst\u00f6rung - Prof. Dr. Andrawis Akademie f\u00fcr Ganzheitliche Medizin Psychosomatik und Psychotherapie","og_url":"https:\/\/www.andrawis-akademie.com\/pl\/generalisierte-angststorung\/","og_site_name":"Prof. Dr. Andrawis Akademie f\u00fcr Ganzheitliche Medizin Psychosomatik und Psychotherapie","article_published_time":"2019-04-18T16:18:39+00:00","article_modified_time":"2019-05-30T12:58:38+00:00","og_image":[{"url":"https:\/\/www.andrawis-akademie.com\/wp-content\/uploads\/2019\/04\/download_pdf_button_png_413958-300x87.png","type":"","width":"","height":""}],"author":"Viktor Toth","twitter_card":"summary_large_image","twitter_misc":{"Napisane przez":"Viktor Toth","Szacowany czas czytania":"5 minut"},"schema":{"@context":"https:\/\/schema.org","@graph":[{"@type":"Article","@id":"https:\/\/www.andrawis-akademie.com\/pl\/generalisierte-angststorung\/#article","isPartOf":{"@id":"https:\/\/www.andrawis-akademie.com\/pl\/generalisierte-angststorung\/"},"author":{"name":"Viktor Toth","@id":"https:\/\/www.andrawis-akademie.com\/pl\/#\/schema\/person\/742f3ef4c1a559bc9bb5f27939c2fb0a"},"headline":"Generalisierte Angstst\u00f6rung","datePublished":"2019-04-18T16:18:39+00:00","dateModified":"2019-05-30T12:58:38+00:00","mainEntityOfPage":{"@id":"https:\/\/www.andrawis-akademie.com\/pl\/generalisierte-angststorung\/"},"wordCount":1091,"commentCount":0,"image":{"@id":"https:\/\/www.andrawis-akademie.com\/pl\/generalisierte-angststorung\/#primaryimage"},"thumbnailUrl":"https:\/\/www.andrawis-akademie.com\/wp-content\/uploads\/2019\/04\/download_pdf_button_png_413958-300x87.png","articleSection":["2.Artyku\u0142y medyczne"],"inLanguage":"pl-PL"},{"@type":"WebPage","@id":"https:\/\/www.andrawis-akademie.com\/pl\/generalisierte-angststorung\/","url":"https:\/\/www.andrawis-akademie.com\/pl\/generalisierte-angststorung\/","name":"Generalisierte Angstst\u00f6rung - Prof. Dr. Andrawis Akademie f\u00fcr Ganzheitliche Medizin Psychosomatik und Psychotherapie","isPartOf":{"@id":"https:\/\/www.andrawis-akademie.com\/pl\/#website"},"primaryImageOfPage":{"@id":"https:\/\/www.andrawis-akademie.com\/pl\/generalisierte-angststorung\/#primaryimage"},"image":{"@id":"https:\/\/www.andrawis-akademie.com\/pl\/generalisierte-angststorung\/#primaryimage"},"thumbnailUrl":"https:\/\/www.andrawis-akademie.com\/wp-content\/uploads\/2019\/04\/download_pdf_button_png_413958-300x87.png","datePublished":"2019-04-18T16:18:39+00:00","dateModified":"2019-05-30T12:58:38+00:00","author":{"@id":"https:\/\/www.andrawis-akademie.com\/pl\/#\/schema\/person\/742f3ef4c1a559bc9bb5f27939c2fb0a"},"breadcrumb":{"@id":"https:\/\/www.andrawis-akademie.com\/pl\/generalisierte-angststorung\/#breadcrumb"},"inLanguage":"pl-PL","potentialAction":[{"@type":"ReadAction","target":["https:\/\/www.andrawis-akademie.com\/pl\/generalisierte-angststorung\/"]}]},{"@type":"ImageObject","inLanguage":"pl-PL","@id":"https:\/\/www.andrawis-akademie.com\/pl\/generalisierte-angststorung\/#primaryimage","url":"https:\/\/www.andrawis-akademie.com\/wp-content\/uploads\/2019\/04\/download_pdf_button_png_413958-300x87.png","contentUrl":"https:\/\/www.andrawis-akademie.com\/wp-content\/uploads\/2019\/04\/download_pdf_button_png_413958-300x87.png"},{"@type":"BreadcrumbList","@id":"https:\/\/www.andrawis-akademie.com\/pl\/generalisierte-angststorung\/#breadcrumb","itemListElement":[{"@type":"ListItem","position":1,"name":"Startseite","item":"https:\/\/www.andrawis-akademie.com\/pl\/home\/"},{"@type":"ListItem","position":2,"name":"Generalisierte Angstst\u00f6rung"}]},{"@type":"WebSite","@id":"https:\/\/www.andrawis-akademie.com\/pl\/#website","url":"https:\/\/www.andrawis-akademie.com\/pl\/","name":"Prof. Dr. Andrawis Akademie f\u00fcr Ganzheitliche Medizin Psychosomatik und Psychotherapie","description":"Prof. Dr. Andrawis Andrawis Psychotherapie - Wissenschaft &amp; Psychoanalyse","potentialAction":[{"@type":"SearchAction","target":{"@type":"EntryPoint","urlTemplate":"https:\/\/www.andrawis-akademie.com\/pl\/?s={search_term_string}"},"query-input":{"@type":"PropertyValueSpecification","valueRequired":true,"valueName":"search_term_string"}}],"inLanguage":"pl-PL"},{"@type":"Person","@id":"https:\/\/www.andrawis-akademie.com\/pl\/#\/schema\/person\/742f3ef4c1a559bc9bb5f27939c2fb0a","name":"Viktor Toth","image":{"@type":"ImageObject","inLanguage":"pl-PL","@id":"https:\/\/secure.gravatar.com\/avatar\/3f782e6f56d5ccd59c2514ab8afb24b8a235e2c9632835123a4d4a9a5539e073?s=96&d=mm&r=g","url":"https:\/\/secure.gravatar.com\/avatar\/3f782e6f56d5ccd59c2514ab8afb24b8a235e2c9632835123a4d4a9a5539e073?s=96&d=mm&r=g","contentUrl":"https:\/\/secure.gravatar.com\/avatar\/3f782e6f56d5ccd59c2514ab8afb24b8a235e2c9632835123a4d4a9a5539e073?s=96&d=mm&r=g","caption":"Viktor Toth"},"url":"https:\/\/www.andrawis-akademie.com\/pl\/author\/t-vektor007gmail-com\/"}]}},"_links":{"self":[{"href":"https:\/\/www.andrawis-akademie.com\/pl\/wp-json\/wp\/v2\/posts\/1258","targetHints":{"allow":["GET"]}}],"collection":[{"href":"https:\/\/www.andrawis-akademie.com\/pl\/wp-json\/wp\/v2\/posts"}],"about":[{"href":"https:\/\/www.andrawis-akademie.com\/pl\/wp-json\/wp\/v2\/types\/post"}],"author":[{"embeddable":true,"href":"https:\/\/www.andrawis-akademie.com\/pl\/wp-json\/wp\/v2\/users\/5"}],"replies":[{"embeddable":true,"href":"https:\/\/www.andrawis-akademie.com\/pl\/wp-json\/wp\/v2\/comments?post=1258"}],"version-history":[{"count":2,"href":"https:\/\/www.andrawis-akademie.com\/pl\/wp-json\/wp\/v2\/posts\/1258\/revisions"}],"predecessor-version":[{"id":3215,"href":"https:\/\/www.andrawis-akademie.com\/pl\/wp-json\/wp\/v2\/posts\/1258\/revisions\/3215"}],"wp:attachment":[{"href":"https:\/\/www.andrawis-akademie.com\/pl\/wp-json\/wp\/v2\/media?parent=1258"}],"wp:term":[{"taxonomy":"category","embeddable":true,"href":"https:\/\/www.andrawis-akademie.com\/pl\/wp-json\/wp\/v2\/categories?post=1258"},{"taxonomy":"post_tag","embeddable":true,"href":"https:\/\/www.andrawis-akademie.com\/pl\/wp-json\/wp\/v2\/tags?post=1258"}],"curies":[{"name":"wp","href":"https:\/\/api.w.org\/{rel}","templated":true}]}}