{"id":2652,"date":"2019-04-24T19:44:45","date_gmt":"2019-04-24T17:44:45","guid":{"rendered":"https:\/\/www.andrawis-akademie.com\/?p=2652"},"modified":"2019-05-30T14:53:52","modified_gmt":"2019-05-30T12:53:52","slug":"antysemityzm-jest-psychopato","status":"publish","type":"post","link":"https:\/\/www.andrawis-akademie.com\/pl\/antysemityzm-jest-psychopato\/","title":{"rendered":"Antysemityzm jest psychopato"},"content":{"rendered":"\n<style type=\"text\/css\" data-created_by=\"avia_inline_auto\" id=\"style-css-av-92pb0-4f82ae2558275262ae5df3c7c8927064\">\n.flex_column.av-92pb0-4f82ae2558275262ae5df3c7c8927064{\nborder-radius:0px 0px 0px 0px;\npadding:0px 0px 0px 0px;\n}\n<\/style>\n<div  class='flex_column av-92pb0-4f82ae2558275262ae5df3c7c8927064 av_one_full  avia-builder-el-0  avia-builder-el-no-sibling  first flex_column_div av-zero-column-padding  '     ><section  class='av_textblock_section av-juvicxz9-d10bc04a38fbff1bc3240d1e7e121db7 '   itemscope=\"itemscope\" itemtype=\"https:\/\/schema.org\/BlogPosting\" itemprop=\"blogPost\" ><div class='avia_textblock'  itemprop=\"text\" ><h1 style=\"text-align: center;\">Antysemityzm jest psychopatologicznym zaburzeniem osobowo\u015bci<\/h1>\n<p>Rudolph L\u00f6wenstein nazywa antysemityzm &#8222;spo\u0142eczn\u0105 chorob\u0105 psychiczn\u0105&#8221;, Erich Simmel m\u00f3wi o &#8222;masowej psychozie, kt\u00f3ra pokazuje psychoanalityczne badania nad kszta\u0142towaniem charakteru, \u017ce irracjonalne idee w harmonii z irracjonalnymi impulsami do dzia\u0142ania s\u0142u\u017c\u0105 potrzebie ponownego znalezienia patologicznego zaburzenia i r\u00f3wnowagi psychicznej. Zbiorowy charakter wsp\u00f3lnoty, jej cywilizacji, podlega r\u00f3wnie\u017c zaburzeniom psychopatologicznym, kt\u00f3re wytwarzaj\u0105 antysemityzm jako irracjonalne zjawisko masowe. Antysemityzm jest psychopatologicznym zaburzeniem osobowo\u015bci, powrotem do ontogenetycznego i filogenetycznego etapu rozwoju. Nienawi\u015b\u0107 rz\u0105dzi stosunkiem do \u015brodowiska. Generuje antysemityzm wraz z innymi stanami chorobowymi. PA potwierdza, \u017ce antysemityzm jest patologicznie patologiczny. Poprzez irracjonalne pomys\u0142y po\u0142\u0105czone z irracjonalnymi impulsami do dzia\u0142ania, pr\u00f3bujesz przezwyci\u0119\u017cy\u0107 swoje patologiczne zaburzenia i odzyska\u0107 r\u00f3wnowag\u0119 psychiczn\u0105. Freud m\u00f3wi, \u017ce w cywilizacji zbiorowe kszta\u0142towanie charakteru jest analogiczne do rozwoju charakteru w jednostce. Istnieje gra pomi\u0119dzy tworzeniem postaci indywidualnych i zbiorowych. Antysemityzm jest irracjonaln\u0105, indywidualn\u0105 ide\u0105, kt\u00f3ra s\u0142u\u017cy potrzebom jednostki poprzez irracjonalne impulsy do dzia\u0142ania, patologiczne zaburzenie. Zbiorowy charakter wsp\u00f3lnoty, jej cywilizacja, podlega r\u00f3wnie\u017c zaburzeniom psychopatologicznym. To patologiczne podobie\u0144stwo jednostki i zbiorowo\u015bci powoduje wzmocnienie i przywi\u0105zanie, ukierunkowan\u0105 nerwic\u0119, masow\u0105 psychoz\u0119 i urojenia. Identyfikacja rzutowa w Kleinie: wyra\u017anie wida\u0107, \u017ce poszczeg\u00f3lne cz\u0119\u015bci &#8222;ja&#8221; s\u0105 rozdzielane i rzutowane na inn\u0105 osob\u0119. Istnieje nie\u015bwiadomy mechanizm obronny, cz\u0119\u015b\u0107 wydzielona jest zwracana zaborczo i realizowana.<br \/>\nProjekcja Freuda: &#8222;[&#8230;.] Przekszta\u0142cam to, co jest we mnie, w innych. Chocia\u017c nie czuj\u0119 tych uczu\u0107 we mnie&#8221;. Projekcj\u0119 t\u0119 mo\u017cna znale\u017a\u0107 szczeg\u00f3lnie w paranoi lub w normalnych formach my\u015blenia, takich jak wiara. Antysemita nie widzi siebie jako chorego, nigdy nie b\u0119dzie szuka\u0142 terapii. Kolektywy opowiadaj\u0105 si\u0119 za jednostk\u0105 w swoistej propagandzie, wsp\u00f3lnym interesie jako zwi\u0105zek na rzecz politycznych w\u0142adc\u00f3w.<br \/>\nSumienie jednostki wy\u0142\u0105cza si\u0119 w masach, odpowiedzialno\u015b\u0107 przenosi si\u0119 na przyw\u00f3dc\u0119 lub na kolektyw (patrz psychologia masowa). Osobowo\u015b\u0107 jest wzmocniona, ale w rzeczywisto\u015bci nie jest to zdrowy wzrost pewno\u015bci siebie. Rzeczywisto\u015b\u0107 jest do\u015bwiadczana jako iluzja. \u017badna osoba nie jest sk\u0142onna wzi\u0105\u0107 na siebie odpowiedzialno\u015bci za to, co si\u0119 dzieje. Korzy\u015bci: ci, kt\u00f3rzy sami s\u0105 n\u0119kani uczuciami ni\u017cszo\u015bci, przekszta\u0142c\u0105 je w uczucia w\u0142adzy w kolektywie. Perspektywa poprawy sytuacji \u017cyciowej pozwala jednostce sta\u0107 si\u0119 na\u015bladowc\u0105. W nadziei na popraw\u0119 ich sytuacji spo\u0142ecznej. Poprzez wsp\u00f3lnot\u0119 uderzaj\u0105ce &#8222;ja&#8221; osoby wzmacnia si\u0119. Aby postrzega\u0107 antysemityzm jako czyst\u0105 neuroz\u0119 masow\u0105, jest on zbyt ma\u0142y, neurotyczny cz\u0142owiek nigdy nie mo\u017ce tworzy\u0107 grupy. Tylko kr\u00f3tka adaptacja do zbiorowo\u015bci mo\u017ce mie\u0107 miejsce. Neurotyka nie mo\u017ce ani wytworzy\u0107, ani utrzyma\u0107 przy \u017cyciu zjawiska masowego.<br \/>\nDlaczego antysemityzm nazywany jest irracjonalnym zjawiskiem masowym? Aby odpowiedzie\u0107 na to pytanie, konieczne jest zbadanie zwi\u0105zku mi\u0119dzy antysemityzmem a cywilizacj\u0105. Wi\u0119kszo\u015b\u0107 parlamentarzyst\u00f3w, kt\u00f3rzy musz\u0105 walczy\u0107 z antysemityzmem jako si\u0142\u0105 polityczn\u0105, zawsze \u015bwiadomie decyduje o jego znaczeniu dla cywilizacji, a nie antysemityzmu. W 1890 roku Eugen Richter, jeden z wielkich niemieckich parlamentarzyst\u00f3w w niemieckim Reichstagu, powiedzia\u0142: &#8222;Je\u015bli pozwolimy na rozw\u00f3j tego ruchu, zniszczymy filary, na kt\u00f3rych opiera si\u0119 nasza kultura. &#8222;Niemiecki minister spraw zagranicznych Rathenau, pochodzenia \u017cydowskiego, o\u015bwiadczy\u0142 po pierwszej wojnie \u015bwiatowej. &#8222;Antysemityzm jest pionow\u0105 inwazj\u0105 na spo\u0142ecze\u0144stwo przez barbarzy\u0144c\u00f3w&#8221;. Rathenau zosta\u0142 zamordowany przez nazist\u00f3w. Przyk\u0142ad Niemiec pokazuje, \u017ce antysemityzm mo\u017ce odwr\u00f3ci\u0107 proces cywilizacyjny i przywr\u00f3ci\u0107 antysemick\u0105 osobowo\u015b\u0107 do etapu prymitywnego kanibalizmu. Psychoanaliza wykaza\u0142a, \u017ce antysemityzm niszczy osi\u0105gni\u0119cia cywilizacji. Proces cywilizacyjny<br \/>\nprodukuje antysemityzm jako patologiczn\u0105 symptomatologi\u0119, kt\u00f3ra niszczy gleb\u0119 na powierzchni ziemi.<br \/>\nco ona kombinuje. Antysemityzm jest z\u0142o\u015bliwym wrzodem na ciele cywilizacji. Je\u015bli przyjrze\u0107 si\u0119 r\u00f3\u017cnym oskar\u017ceniom wobec \u017byd\u00f3w, mo\u017cna zauwa\u017cy\u0107 niezadowolenie antysemit\u00f3w, je\u015bli chodzi o \u017cydowskie cechy charakterystyczne, \u017ce \u017bydzi wol\u0105 korzysta\u0107 raczej ze swojej psychicznej ni\u017c fizycznej si\u0142y, poniewa\u017c ich intelekt jest lepiej rozwini\u0119ty ni\u017c ich budowa cia\u0142a. \u017bydzi dominuj\u0105 w zawodach, w kt\u00f3rych zdolno\u015b\u0107 intelektualna ma kluczowe znaczenie. Antysemityzm z pewno\u015bci\u0105 nie jest w stanie wyja\u015bni\u0107 tej pozytywnej my\u015bli. Je\u015bli spojrzymy na histori\u0119, dowiemy si\u0119, \u017ce wspomniane cechy osobowo\u015bci nie s\u0105 przyczyn\u0105, ale wynikiem antysemityzmu. \u017bydowski sk\u0142ada\u0142 si\u0119 z wojownik\u00f3w, grochu, grochu i innych gatunk\u00f3w zwierz\u0105t.<br \/>\nKonflikt, ego za\u0142amuje si\u0119, poniewa\u017c nie jest w stanie rozwi\u0105za\u0107 konfliktu ambiwalencji z rodzicami.<br \/>\nAdorno nazwa\u0142 propagand\u0119 &#8222;czynnikiem organizacyjnym&#8221; masowego ruchu narodowego socjalizmu.<br \/>\nAnaliza propagandowa pokazuje, \u017ce jej celem jest uchwycenie ludzi poprzez zabaw\u0119 na nie\u015bwiadomych mechanizmach. Faszysta tworzy obrazy w umys\u0142ach s\u0142uchaczy bez rzeczywisto\u015bci, czyli rodzaj zorganizowanej ucieczki my\u015bli. Propaganda ta zawiera pokr\u0119con\u0105 logik\u0119 i fantastyczne zniekszta\u0142cenia rzeczywisto\u015bci. Ich instrumentem jest stereotypowa gra film\u00f3w i audycji radiowych. Pozwala to s\u0142uchaczowi postawi\u0107 w\u0142asne neurotyczne lub psychotyczne dyspozycje w s\u0142u\u017cbie cel\u00f3w zorientowanych na rzeczywisto\u015b\u0107. Lider najlepiej wie, jak sprzeda\u0107 ludziom swoje wady psychiczne. Wa\u0142 ludzi i liderzy maj\u0105 podobn\u0105 struktur\u0119. Te same my\u015bli i uczucia istniej\u0105 od samego pocz\u0105tku. Propaganda przynosi satysfakcj\u0119 zwolennikom. Jako wdzi\u0119czno\u015b\u0107 akceptuje my\u015bli swoich lider\u00f3w, np: Dlaczego Hitler by\u0142 popularny? Zaproponowa\u0142 ludziom pokaz tanich wybryk\u00f3w. Zwykli ludzie dzi\u0119kuj\u0105 mu za to i obiecuj\u0105 pod\u0105\u017ca\u0107 za nim. Przem\u00f3wienie propagandowe jest nadu\u017cywane jako nowe objawienie religijne. Wzorce propagandowe zosta\u0142y ustandaryzowane z powod\u00f3w psychologicznych. Cech\u0105 charakterystyczn\u0105 faszystowskiego rytua\u0142u jest ukryta aluzja objawienia fakt\u00f3w, do kt\u00f3rej si\u0119 nawi\u0105zuje, ale zazwyczaj nie ma to miejsca. R\u00f3wnie\u017c w tym celu mo\u017cna \u0142atwo poda\u0107 racjonalny pow\u00f3d. Prawo lub przynajmniej panuj\u0105ce konwencje wykluczaj\u0105 otwarte lub pronarzistyczne lub antysemickie wyra\u017cenia. M\u00f3wca, kt\u00f3ry chce przekaza\u0107 takie idee, musi raczej ucieka\u0107 si\u0119 do metod po\u015brednich. W ten spos\u00f3b s\u0142uchacz ma prawo g\u0142osu i ka\u017cde wyja\u015bnienie jest z nim zgodne. Harmonia mi\u0119dzy liderem a s\u0142uchaczem jest tworzona, jak ju\u017c wspomniano, za pomoc\u0105 ukrytych wskaz\u00f3wek. Inscenizacja rytua\u0142u jest bia\u0142a.<\/p>\n<p style=\"text-align: center;\"><strong>Antysemityzm wt\u00f3rny <\/strong><\/p>\n<p>Antysemityzm wt\u00f3rny rozumiany jest jako zmiana formy, w kt\u00f3rej funkcja obrony przed d\u0142ugiem zostaje zast\u0105piona funkcj\u0105 redukcji d\u0142ugu. Prowadzi to do powstawania mi\u0119dzypokoleniowych wsp\u00f3lnik\u00f3w. W p\u00f3\u017aniejszych pokoleniach istnieje nabyte narcystyczne tabu dotykowe wobec przesz\u0142o\u015bci NZ. Odzwierciedla si\u0119 to w przekazywaniu nie\u015bwiadomych formacji afektywno-obronnych. Konfrontacja z poczuciem winy przekazywana jest nast\u0119pnemu pokoleniu. To m\u0142ode pokolenie uto\u017csamia si\u0119 z st\u0142umionym poczuciem winy pokolenia rodzic\u00f3w. Ale uznanie winy wymaga strategii pomocy. S\u0105 one wielorakie. M\u0142ode pokolenie musi przej\u0105\u0107 zadanie przetwarzania d\u0142ug\u00f3w, oznacza to represje i poszukuje nowych strategii redukcji d\u0142ug\u00f3w. Nazywa si\u0119 to na przyk\u0142ad gr\u0105 w wt\u00f3rny antysemityzm:<\/p>\n<p style=\"text-align: center;\"><strong>Formy gry<\/strong><\/p>\n<p>&#8211; Og\u00f3lna krytyka pa\u0144stwa Izrael w formie por\u00f3wna\u0144 NS (antysyjonizm)<br \/>\n&#8211; Relacja Holocaustu w por\u00f3wnaniu z innymi ludob\u00f3jstwami<br \/>\n&#8211; Za\u0142o\u017cenie, \u017ce \u017bydzi wykorzystaj\u0105 rol\u0119 ofiar Holokaustu w celu uzyskania korzy\u015bci politycznych i ekonomicznych.<br \/>\n&#8211; Ataki terrorystyczne z dnia 11 wrze\u015bnia 2001 r. w USA<br \/>\n&#8211; zapotrzebowanie ko\u0144cowe<br \/>\n&#8211; Poszukiwanie innych &#8222;gorszych&#8221; antysemit\u00f3w (np. Arab\u00f3w)<br \/>\nRosn\u0105cy rasizm antymuzu\u0142ma\u0144ski jest form\u0105 wt\u00f3rnego antysemityzmu, tzn. sprawcy s\u0105 jeszcze gorsi od nas. \u017byje si\u0119 pozycj\u0105 wy\u017cszo\u015bci moralnej. Unikamy konfrontacji z w\u0142asnymi antysemickimi tendencjami. Antysemityzm deklarowany jest jako istotna cecha islamu, powstaje gigantyczny scenariusz zagro\u017cenia. Muzu\u0142ma\u0144scy imigranci stanowi\u0105 rosn\u0105ce zagro\u017cenie, kt\u00f3remu nale\u017cy przeciwdzia\u0142a\u0107 wyczerpuj\u0105cymi si\u0119 \u015brodkami demokratycznymi. Antysemityzm wywodz\u0105cy si\u0119 od muzu\u0142man\u00f3w opiera si\u0119 na spo\u0142eczno\u015bciach. Wt\u00f3rna tendencja antysemicka jest w wi\u0119kszym stopniu odzwierciedleniem naszej rzeczywisto\u015bci spo\u0142ecznej, migracji. Nowoczesne technologie komunikacyjne umo\u017cliwiaj\u0105 utrzymanie tradycyjnych postaw np. na du\u017cych odleg\u0142o\u015bciach: Antysemickie programy telewizyjne przekazuj\u0105 antysemickie komunikaty Allgaier w formie wiadomo\u015bci lub seriali. W ankiecie przeprowadzonej w\u015br\u00f3d m\u0142odzie\u017cy z r\u00f3\u017cnych \u015brodowisk spo\u0142ecznych i geograficznych. Stwierdzono, \u017ce dzi\u0119ki mediom istnieje silna dynamika propagandowa na rzecz antysemityzmu, kt\u00f3ra \u0142\u0105czy i jednoczy r\u00f3\u017cnych ludzi. Druga cz\u0119\u015b\u0107 badania dotyczy nauczycieli w szkole: s\u0105 tu dwie grupy. Grupa 1 z siln\u0105 tendencj\u0105 do trywializowania. Kwestionuj\u0105 oni antysemickie podej\u015bcie do problemu.<br \/>\nw szkole. Grupa 2 przesadza z tym problemem. Antysemityzm to czysty problem uczni\u00f3w muzu\u0142ma\u0144skich, nie wyst\u0119puje u uczni\u00f3w niemieckich. Uczniowie muzu\u0142ma\u0144scy s\u0105 postrzegani jako grupa zagraniczna. \u017byj\u0105 w \u015bwiecie r\u00f3wnoleg\u0142ym do Niemc\u00f3w. Nie chc\u0105 te\u017c integrowa\u0107 si\u0119 w domu. Pod\u017cegani przez media i opini\u0119 publiczn\u0105, podejmuj\u0105 niefiltrowane, antysemickie idee i wsp\u00f3lnie kontynuuj\u0105 dzia\u0142ania przeciwko nim. My\u015blenie i dzia\u0142anie ko\u0144czy si\u0119 irracjonalnymi i neurotycznymi ostrze\u017ceniami. Wywo\u0142uje to antysemick\u0105 nienawi\u015b\u0107.<br \/>\nDzi\u015b forma obrony przed d\u0142ugiem zmieni\u0142a si\u0119 w form\u0119 umarzania d\u0142ug\u00f3w, tzn. wnuki pokolenia wojennego uzna\u0142y win\u0119 swoich przodk\u00f3w i domagaj\u0105 si\u0119 za ni\u0105 umorzenia, tak aby wt\u00f3rny antysemityzm nadal istnia\u0142.<\/p>\n<p style=\"text-align: center;\"><strong>Bibliografia <\/strong><\/p>\n<p>Freud, S. Freud, The Discomfort in Culture (1930), w: Frankfurt 1963, .456 &#8211; 481.<br \/>\nAntysemityzm 1, Ernst Simmel, 2. Theodor W. Adorno, 1993 Verlag Frankfurt am Main (i propaganda faszystowska 2006).<br \/>\nAntysemityzm 1, Ernst Simmel, 2. Theodor W. Adorno, 1993 Verlag Frankfurt am Main (i propaganda faszystowska 2006).<\/p>\n<p><a href=\"http:\/\/www.nadir.org\/nadir\/aktuell\/2002\/01\/26\/8308.html\">http:\/\/www.nadir.org\/nadir\/aktuell\/2002\/01\/26\/8308.html<\/a><\/p>\n<p>M. Brunner, Wsp\u00f3lnota Narodowa, Perpetracja i antysemityzm (2011)<br \/>\nAdorno, Theodor W. (1997): Zur Bek\u00e4mpfung des Antisemitismus.in:Ders..: Zbi\u00f3r pism:20.1.Frankfurt nad Menem (Suhrkamp), S. 360-383<\/p>\n<p><strong>Univ. Prof. Dr. Andrawis<\/strong><\/p>\n<p><a href=\"https:\/\/www.andrawis-akademie.com\/wp-content\/uploads\/2019\/04\/15.-Antysemityzm-jest-psychopato.-Pl.pdf\"><img loading=\"lazy\" decoding=\"async\" class=\"aligncenter wp-image-3073\" src=\"https:\/\/www.andrawis-akademie.com\/wp-content\/uploads\/2019\/04\/download_pdf_button_png_413958-300x87.png\" alt=\"\" width=\"180\" height=\"52\" srcset=\"https:\/\/www.andrawis-akademie.com\/wp-content\/uploads\/2019\/04\/download_pdf_button_png_413958-300x87.png 300w, https:\/\/www.andrawis-akademie.com\/wp-content\/uploads\/2019\/04\/download_pdf_button_png_413958-450x130.png 450w, https:\/\/www.andrawis-akademie.com\/wp-content\/uploads\/2019\/04\/download_pdf_button_png_413958.png 520w\" sizes=\"auto, (max-width: 180px) 100vw, 180px\" \/><\/a><\/p>\n<\/div><\/section><\/div>\n","protected":false},"excerpt":{"rendered":"","protected":false},"author":5,"featured_media":0,"comment_status":"open","ping_status":"open","sticky":false,"template":"","format":"standard","meta":{"footnotes":""},"categories":[7],"tags":[],"class_list":["post-2652","post","type-post","status-publish","format-standard","hentry","category-tematy-psychoanalutyczne"],"yoast_head":"<!-- This site is optimized with the Yoast SEO plugin v27.3 - https:\/\/yoast.com\/product\/yoast-seo-wordpress\/ -->\n<title>Antysemityzm jest psychopato - Prof. Dr. Andrawis Akademie f\u00fcr Ganzheitliche Medizin Psychosomatik und Psychotherapie<\/title>\n<meta name=\"robots\" content=\"index, follow, max-snippet:-1, max-image-preview:large, max-video-preview:-1\" \/>\n<link rel=\"canonical\" href=\"https:\/\/www.andrawis-akademie.com\/pl\/antysemityzm-jest-psychopato\/\" \/>\n<meta property=\"og:locale\" content=\"pl_PL\" \/>\n<meta property=\"og:type\" content=\"article\" \/>\n<meta property=\"og:title\" content=\"Antysemityzm jest psychopato - Prof. Dr. Andrawis Akademie f\u00fcr Ganzheitliche Medizin Psychosomatik und Psychotherapie\" \/>\n<meta property=\"og:url\" content=\"https:\/\/www.andrawis-akademie.com\/pl\/antysemityzm-jest-psychopato\/\" \/>\n<meta property=\"og:site_name\" content=\"Prof. Dr. Andrawis Akademie f\u00fcr Ganzheitliche Medizin Psychosomatik und Psychotherapie\" \/>\n<meta property=\"article:published_time\" content=\"2019-04-24T17:44:45+00:00\" \/>\n<meta property=\"article:modified_time\" content=\"2019-05-30T12:53:52+00:00\" \/>\n<meta property=\"og:image\" content=\"https:\/\/www.andrawis-akademie.com\/wp-content\/uploads\/2019\/04\/download_pdf_button_png_413958-300x87.png\" \/>\n<meta name=\"author\" content=\"Viktor Toth\" \/>\n<meta name=\"twitter:card\" content=\"summary_large_image\" \/>\n<meta name=\"twitter:label1\" content=\"Napisane przez\" \/>\n\t<meta name=\"twitter:data1\" content=\"Viktor Toth\" \/>\n\t<meta name=\"twitter:label2\" content=\"Szacowany czas czytania\" \/>\n\t<meta name=\"twitter:data2\" content=\"9 minut\" \/>\n<script type=\"application\/ld+json\" class=\"yoast-schema-graph\">{\"@context\":\"https:\\\/\\\/schema.org\",\"@graph\":[{\"@type\":\"Article\",\"@id\":\"https:\\\/\\\/www.andrawis-akademie.com\\\/pl\\\/antysemityzm-jest-psychopato\\\/#article\",\"isPartOf\":{\"@id\":\"https:\\\/\\\/www.andrawis-akademie.com\\\/pl\\\/antysemityzm-jest-psychopato\\\/\"},\"author\":{\"name\":\"Viktor Toth\",\"@id\":\"https:\\\/\\\/www.andrawis-akademie.com\\\/pl\\\/#\\\/schema\\\/person\\\/742f3ef4c1a559bc9bb5f27939c2fb0a\"},\"headline\":\"Antysemityzm jest psychopato\",\"datePublished\":\"2019-04-24T17:44:45+00:00\",\"dateModified\":\"2019-05-30T12:53:52+00:00\",\"mainEntityOfPage\":{\"@id\":\"https:\\\/\\\/www.andrawis-akademie.com\\\/pl\\\/antysemityzm-jest-psychopato\\\/\"},\"wordCount\":1722,\"commentCount\":0,\"image\":{\"@id\":\"https:\\\/\\\/www.andrawis-akademie.com\\\/pl\\\/antysemityzm-jest-psychopato\\\/#primaryimage\"},\"thumbnailUrl\":\"https:\\\/\\\/www.andrawis-akademie.com\\\/wp-content\\\/uploads\\\/2019\\\/04\\\/download_pdf_button_png_413958-300x87.png\",\"articleSection\":[\"1.Tematy psychoanalutyczne\"],\"inLanguage\":\"pl-PL\"},{\"@type\":\"WebPage\",\"@id\":\"https:\\\/\\\/www.andrawis-akademie.com\\\/pl\\\/antysemityzm-jest-psychopato\\\/\",\"url\":\"https:\\\/\\\/www.andrawis-akademie.com\\\/pl\\\/antysemityzm-jest-psychopato\\\/\",\"name\":\"Antysemityzm jest psychopato - Prof. Dr. Andrawis Akademie f\u00fcr Ganzheitliche Medizin Psychosomatik und Psychotherapie\",\"isPartOf\":{\"@id\":\"https:\\\/\\\/www.andrawis-akademie.com\\\/pl\\\/#website\"},\"primaryImageOfPage\":{\"@id\":\"https:\\\/\\\/www.andrawis-akademie.com\\\/pl\\\/antysemityzm-jest-psychopato\\\/#primaryimage\"},\"image\":{\"@id\":\"https:\\\/\\\/www.andrawis-akademie.com\\\/pl\\\/antysemityzm-jest-psychopato\\\/#primaryimage\"},\"thumbnailUrl\":\"https:\\\/\\\/www.andrawis-akademie.com\\\/wp-content\\\/uploads\\\/2019\\\/04\\\/download_pdf_button_png_413958-300x87.png\",\"datePublished\":\"2019-04-24T17:44:45+00:00\",\"dateModified\":\"2019-05-30T12:53:52+00:00\",\"author\":{\"@id\":\"https:\\\/\\\/www.andrawis-akademie.com\\\/pl\\\/#\\\/schema\\\/person\\\/742f3ef4c1a559bc9bb5f27939c2fb0a\"},\"breadcrumb\":{\"@id\":\"https:\\\/\\\/www.andrawis-akademie.com\\\/pl\\\/antysemityzm-jest-psychopato\\\/#breadcrumb\"},\"inLanguage\":\"pl-PL\",\"potentialAction\":[{\"@type\":\"ReadAction\",\"target\":[\"https:\\\/\\\/www.andrawis-akademie.com\\\/pl\\\/antysemityzm-jest-psychopato\\\/\"]}]},{\"@type\":\"ImageObject\",\"inLanguage\":\"pl-PL\",\"@id\":\"https:\\\/\\\/www.andrawis-akademie.com\\\/pl\\\/antysemityzm-jest-psychopato\\\/#primaryimage\",\"url\":\"https:\\\/\\\/www.andrawis-akademie.com\\\/wp-content\\\/uploads\\\/2019\\\/04\\\/download_pdf_button_png_413958-300x87.png\",\"contentUrl\":\"https:\\\/\\\/www.andrawis-akademie.com\\\/wp-content\\\/uploads\\\/2019\\\/04\\\/download_pdf_button_png_413958-300x87.png\"},{\"@type\":\"BreadcrumbList\",\"@id\":\"https:\\\/\\\/www.andrawis-akademie.com\\\/pl\\\/antysemityzm-jest-psychopato\\\/#breadcrumb\",\"itemListElement\":[{\"@type\":\"ListItem\",\"position\":1,\"name\":\"Startseite\",\"item\":\"https:\\\/\\\/www.andrawis-akademie.com\\\/pl\\\/home\\\/\"},{\"@type\":\"ListItem\",\"position\":2,\"name\":\"Antysemityzm jest psychopato\"}]},{\"@type\":\"WebSite\",\"@id\":\"https:\\\/\\\/www.andrawis-akademie.com\\\/pl\\\/#website\",\"url\":\"https:\\\/\\\/www.andrawis-akademie.com\\\/pl\\\/\",\"name\":\"Prof. Dr. Andrawis Akademie f\u00fcr Ganzheitliche Medizin Psychosomatik und Psychotherapie\",\"description\":\"Prof. Dr. Andrawis Andrawis Psychotherapie - Wissenschaft &amp; Psychoanalyse\",\"potentialAction\":[{\"@type\":\"SearchAction\",\"target\":{\"@type\":\"EntryPoint\",\"urlTemplate\":\"https:\\\/\\\/www.andrawis-akademie.com\\\/pl\\\/?s={search_term_string}\"},\"query-input\":{\"@type\":\"PropertyValueSpecification\",\"valueRequired\":true,\"valueName\":\"search_term_string\"}}],\"inLanguage\":\"pl-PL\"},{\"@type\":\"Person\",\"@id\":\"https:\\\/\\\/www.andrawis-akademie.com\\\/pl\\\/#\\\/schema\\\/person\\\/742f3ef4c1a559bc9bb5f27939c2fb0a\",\"name\":\"Viktor Toth\",\"image\":{\"@type\":\"ImageObject\",\"inLanguage\":\"pl-PL\",\"@id\":\"https:\\\/\\\/secure.gravatar.com\\\/avatar\\\/3f782e6f56d5ccd59c2514ab8afb24b8a235e2c9632835123a4d4a9a5539e073?s=96&d=mm&r=g\",\"url\":\"https:\\\/\\\/secure.gravatar.com\\\/avatar\\\/3f782e6f56d5ccd59c2514ab8afb24b8a235e2c9632835123a4d4a9a5539e073?s=96&d=mm&r=g\",\"contentUrl\":\"https:\\\/\\\/secure.gravatar.com\\\/avatar\\\/3f782e6f56d5ccd59c2514ab8afb24b8a235e2c9632835123a4d4a9a5539e073?s=96&d=mm&r=g\",\"caption\":\"Viktor Toth\"},\"url\":\"https:\\\/\\\/www.andrawis-akademie.com\\\/pl\\\/author\\\/t-vektor007gmail-com\\\/\"}]}<\/script>\n<!-- \/ Yoast SEO plugin. -->","yoast_head_json":{"title":"Antysemityzm jest psychopato - Prof. Dr. Andrawis Akademie f\u00fcr Ganzheitliche Medizin Psychosomatik und Psychotherapie","robots":{"index":"index","follow":"follow","max-snippet":"max-snippet:-1","max-image-preview":"max-image-preview:large","max-video-preview":"max-video-preview:-1"},"canonical":"https:\/\/www.andrawis-akademie.com\/pl\/antysemityzm-jest-psychopato\/","og_locale":"pl_PL","og_type":"article","og_title":"Antysemityzm jest psychopato - Prof. Dr. Andrawis Akademie f\u00fcr Ganzheitliche Medizin Psychosomatik und Psychotherapie","og_url":"https:\/\/www.andrawis-akademie.com\/pl\/antysemityzm-jest-psychopato\/","og_site_name":"Prof. Dr. Andrawis Akademie f\u00fcr Ganzheitliche Medizin Psychosomatik und Psychotherapie","article_published_time":"2019-04-24T17:44:45+00:00","article_modified_time":"2019-05-30T12:53:52+00:00","og_image":[{"url":"https:\/\/www.andrawis-akademie.com\/wp-content\/uploads\/2019\/04\/download_pdf_button_png_413958-300x87.png","type":"","width":"","height":""}],"author":"Viktor Toth","twitter_card":"summary_large_image","twitter_misc":{"Napisane przez":"Viktor Toth","Szacowany czas czytania":"9 minut"},"schema":{"@context":"https:\/\/schema.org","@graph":[{"@type":"Article","@id":"https:\/\/www.andrawis-akademie.com\/pl\/antysemityzm-jest-psychopato\/#article","isPartOf":{"@id":"https:\/\/www.andrawis-akademie.com\/pl\/antysemityzm-jest-psychopato\/"},"author":{"name":"Viktor Toth","@id":"https:\/\/www.andrawis-akademie.com\/pl\/#\/schema\/person\/742f3ef4c1a559bc9bb5f27939c2fb0a"},"headline":"Antysemityzm jest psychopato","datePublished":"2019-04-24T17:44:45+00:00","dateModified":"2019-05-30T12:53:52+00:00","mainEntityOfPage":{"@id":"https:\/\/www.andrawis-akademie.com\/pl\/antysemityzm-jest-psychopato\/"},"wordCount":1722,"commentCount":0,"image":{"@id":"https:\/\/www.andrawis-akademie.com\/pl\/antysemityzm-jest-psychopato\/#primaryimage"},"thumbnailUrl":"https:\/\/www.andrawis-akademie.com\/wp-content\/uploads\/2019\/04\/download_pdf_button_png_413958-300x87.png","articleSection":["1.Tematy psychoanalutyczne"],"inLanguage":"pl-PL"},{"@type":"WebPage","@id":"https:\/\/www.andrawis-akademie.com\/pl\/antysemityzm-jest-psychopato\/","url":"https:\/\/www.andrawis-akademie.com\/pl\/antysemityzm-jest-psychopato\/","name":"Antysemityzm jest psychopato - Prof. Dr. Andrawis Akademie f\u00fcr Ganzheitliche Medizin Psychosomatik und Psychotherapie","isPartOf":{"@id":"https:\/\/www.andrawis-akademie.com\/pl\/#website"},"primaryImageOfPage":{"@id":"https:\/\/www.andrawis-akademie.com\/pl\/antysemityzm-jest-psychopato\/#primaryimage"},"image":{"@id":"https:\/\/www.andrawis-akademie.com\/pl\/antysemityzm-jest-psychopato\/#primaryimage"},"thumbnailUrl":"https:\/\/www.andrawis-akademie.com\/wp-content\/uploads\/2019\/04\/download_pdf_button_png_413958-300x87.png","datePublished":"2019-04-24T17:44:45+00:00","dateModified":"2019-05-30T12:53:52+00:00","author":{"@id":"https:\/\/www.andrawis-akademie.com\/pl\/#\/schema\/person\/742f3ef4c1a559bc9bb5f27939c2fb0a"},"breadcrumb":{"@id":"https:\/\/www.andrawis-akademie.com\/pl\/antysemityzm-jest-psychopato\/#breadcrumb"},"inLanguage":"pl-PL","potentialAction":[{"@type":"ReadAction","target":["https:\/\/www.andrawis-akademie.com\/pl\/antysemityzm-jest-psychopato\/"]}]},{"@type":"ImageObject","inLanguage":"pl-PL","@id":"https:\/\/www.andrawis-akademie.com\/pl\/antysemityzm-jest-psychopato\/#primaryimage","url":"https:\/\/www.andrawis-akademie.com\/wp-content\/uploads\/2019\/04\/download_pdf_button_png_413958-300x87.png","contentUrl":"https:\/\/www.andrawis-akademie.com\/wp-content\/uploads\/2019\/04\/download_pdf_button_png_413958-300x87.png"},{"@type":"BreadcrumbList","@id":"https:\/\/www.andrawis-akademie.com\/pl\/antysemityzm-jest-psychopato\/#breadcrumb","itemListElement":[{"@type":"ListItem","position":1,"name":"Startseite","item":"https:\/\/www.andrawis-akademie.com\/pl\/home\/"},{"@type":"ListItem","position":2,"name":"Antysemityzm jest psychopato"}]},{"@type":"WebSite","@id":"https:\/\/www.andrawis-akademie.com\/pl\/#website","url":"https:\/\/www.andrawis-akademie.com\/pl\/","name":"Prof. Dr. Andrawis Akademie f\u00fcr Ganzheitliche Medizin Psychosomatik und Psychotherapie","description":"Prof. Dr. Andrawis Andrawis Psychotherapie - Wissenschaft &amp; Psychoanalyse","potentialAction":[{"@type":"SearchAction","target":{"@type":"EntryPoint","urlTemplate":"https:\/\/www.andrawis-akademie.com\/pl\/?s={search_term_string}"},"query-input":{"@type":"PropertyValueSpecification","valueRequired":true,"valueName":"search_term_string"}}],"inLanguage":"pl-PL"},{"@type":"Person","@id":"https:\/\/www.andrawis-akademie.com\/pl\/#\/schema\/person\/742f3ef4c1a559bc9bb5f27939c2fb0a","name":"Viktor Toth","image":{"@type":"ImageObject","inLanguage":"pl-PL","@id":"https:\/\/secure.gravatar.com\/avatar\/3f782e6f56d5ccd59c2514ab8afb24b8a235e2c9632835123a4d4a9a5539e073?s=96&d=mm&r=g","url":"https:\/\/secure.gravatar.com\/avatar\/3f782e6f56d5ccd59c2514ab8afb24b8a235e2c9632835123a4d4a9a5539e073?s=96&d=mm&r=g","contentUrl":"https:\/\/secure.gravatar.com\/avatar\/3f782e6f56d5ccd59c2514ab8afb24b8a235e2c9632835123a4d4a9a5539e073?s=96&d=mm&r=g","caption":"Viktor Toth"},"url":"https:\/\/www.andrawis-akademie.com\/pl\/author\/t-vektor007gmail-com\/"}]}},"_links":{"self":[{"href":"https:\/\/www.andrawis-akademie.com\/pl\/wp-json\/wp\/v2\/posts\/2652","targetHints":{"allow":["GET"]}}],"collection":[{"href":"https:\/\/www.andrawis-akademie.com\/pl\/wp-json\/wp\/v2\/posts"}],"about":[{"href":"https:\/\/www.andrawis-akademie.com\/pl\/wp-json\/wp\/v2\/types\/post"}],"author":[{"embeddable":true,"href":"https:\/\/www.andrawis-akademie.com\/pl\/wp-json\/wp\/v2\/users\/5"}],"replies":[{"embeddable":true,"href":"https:\/\/www.andrawis-akademie.com\/pl\/wp-json\/wp\/v2\/comments?post=2652"}],"version-history":[{"count":2,"href":"https:\/\/www.andrawis-akademie.com\/pl\/wp-json\/wp\/v2\/posts\/2652\/revisions"}],"predecessor-version":[{"id":3210,"href":"https:\/\/www.andrawis-akademie.com\/pl\/wp-json\/wp\/v2\/posts\/2652\/revisions\/3210"}],"wp:attachment":[{"href":"https:\/\/www.andrawis-akademie.com\/pl\/wp-json\/wp\/v2\/media?parent=2652"}],"wp:term":[{"taxonomy":"category","embeddable":true,"href":"https:\/\/www.andrawis-akademie.com\/pl\/wp-json\/wp\/v2\/categories?post=2652"},{"taxonomy":"post_tag","embeddable":true,"href":"https:\/\/www.andrawis-akademie.com\/pl\/wp-json\/wp\/v2\/tags?post=2652"}],"curies":[{"name":"wp","href":"https:\/\/api.w.org\/{rel}","templated":true}]}}