{"id":4052,"date":"2020-07-07T11:50:55","date_gmt":"2020-07-07T09:50:55","guid":{"rendered":"https:\/\/www.andrawis-akademie.com\/?p=4052"},"modified":"2020-07-07T11:57:32","modified_gmt":"2020-07-07T09:57:32","slug":"projekcja-i-neurotyczne-zjawiska-transferencyjne-w-psychoanalizie","status":"publish","type":"post","link":"https:\/\/www.andrawis-akademie.com\/pl\/projekcja-i-neurotyczne-zjawiska-transferencyjne-w-psychoanalizie\/","title":{"rendered":"Projekcja i neurotyczne zjawiska transferencyjne w psychoanalizie"},"content":{"rendered":"\n<style type=\"text\/css\" data-created_by=\"avia_inline_auto\" id=\"style-css-av-2nz5uc-0b70f4bdf26f1b33fc630ef552b620b8\">\n.flex_column.av-2nz5uc-0b70f4bdf26f1b33fc630ef552b620b8{\nborder-radius:0px 0px 0px 0px;\npadding:0px 0px 0px 0px;\n}\n<\/style>\n<div  class='flex_column av-2nz5uc-0b70f4bdf26f1b33fc630ef552b620b8 av_one_full  avia-builder-el-0  avia-builder-el-no-sibling  first flex_column_div av-zero-column-padding  '     ><section  class='av_textblock_section av-kcbr4n8g-c571769bf51733285cfbb23bfbc4c8c5 '   itemscope=\"itemscope\" itemtype=\"https:\/\/schema.org\/BlogPosting\" itemprop=\"blogPost\" ><div class='avia_textblock'  itemprop=\"text\" ><h1 style=\"text-align: center;\">Projekcja i neurotyczne zjawiska transferencyjne w psychoanalizie<\/h1>\n<p>Jak opisa\u0142 Andrawis A, (2018), projekcja w sensie og\u00f3lnym jest j\u0119zykiem potocznym i oznacza nie\u015bwiadome wyrzuty. W psychoanalizie ma to szersze znaczenie i inne cele. Z psychoanalitycznego punktu widzenia projekcja jest rozumiana jako neurotyczne zjawiska transferencyjne. S\u0142owo projekcja niesie w sobie wp\u0142ywy konfliktu wewn\u0119trzno-psychicznego. Pojawianie si\u0119 emocji, pragnie\u0144 i impuls\u00f3w jest ze sob\u0105 sprzeczne. Dlatego projekcja ma swoje pocz\u0105tki w neurobiologii. W projekcji, ludzie przenosz\u0105 nie\u015bwiadome afekty na innych ludzi. Jest to proces projekcyjny, kt\u00f3ry przenosi si\u0119 do \u015bwiata zewn\u0119trznego. Te neurotyczne zjawiska transmisji s\u0105 destrukcyjnymi i infantylnymi wzorcami zachowa\u0144 nie\u015bwiadomych.<\/p>\n<p>Transmisja jako synonim wykorzystuje tylko do\u015bwiadczenia z pewnych sfer relacji w dzieci\u0144stwie. Projekcje te s\u0105 reaktywowane podczas procesu terapeutycznego od pacjenta do jego terapeuty lub w relacji mi\u0119dzyludzkiej. Staje si\u0119 to szczeg\u00f3lnie wyra\u017ane w rozdziale &#8222;Zaburzenia osobowo\u015bci&#8221;. Projekcje te mo\u017cna znale\u017a\u0107 r\u00f3wnie\u017c w przypadku innych konflikt\u00f3w psychologicznych (Andrawis A, 2018).<\/p>\n<p><strong>Projekcja w psychoanalizie <\/strong><\/p>\n<p>Autor opisuje, \u017ce wszystko, czego my ludzie nie chcemy przyzna\u0107 o sobie samym, jest rzutowane na innych w formie oporu. Nie\u015bwiadomie, pragnienia, l\u0119ki, poczucie winy, impulsy nap\u0119dowe, nasze w\u0142asne s\u0142abo\u015bci, b\u0142\u0119dy i &#8222;przedmioty wewn\u0119trzne&#8221;, kt\u00f3re powoduj\u0105 obraz\u0119, s\u0105 oddzielone od naszej w\u0142asnej \u015bwiadomo\u015bci i przeniesione na przedmioty w \u015bwiecie zewn\u0119trznym. To jest samooszukiwanie si\u0119. Jeden nie widzi drugiego takim, jakim jest, ale takim, jakim chcia\u0142by go zobaczy\u0107 (tam\u017ce).<\/p>\n<p>Wtr\u0105cenie, identyfikacja i zachowanie zewn\u0119trznego charakteru obiektu stanowi &#8222;kontrruch\u0119&#8221; projekcji. Tendencje ego do asymilacji obiekt\u00f3w \u015bwiata zewn\u0119trznego i ich cech z &#8222;zewn\u0119trznego&#8221; do &#8222;wewn\u0119trznego&#8221; Introdukcji i przekszta\u0142cania cech innych ludzi we w\u0142asn\u0105 identyfikacj\u0119 (Schuster P, Springer-Kremser M, 1997).<\/p>\n<p><strong>Identyfikacja <\/strong><\/p>\n<p>W identyfikacji &#8222;identyfikuj\u0105cy si\u0119 podmiot przyjmuje cechy przedmiotu w taki spos\u00f3b, \u017ce podmiot do\u015bwiadcza tych cech jako w\u0142asnych. Identyfikacje daj\u0105 pocz\u0105tek zdepersonalizowanym strukturom psychologicznym ego i superego, kt\u00f3re sta\u0142y si\u0119 niezale\u017cne od relacji osobistych&#8221; (Schuster P, Springer-Kremser M, 1998, s. 17).<\/p>\n<p>Zinternalizowane reprezentacje obiekt\u00f3w pozostaj\u0105 zinternalizowane jako obce postacie, zachowuj\u0105c jednocze\u015bnie zewn\u0119trzny charakter obiektu, w odr\u00f3\u017cnieniu od introjekcji i identyfikacji, a ich losy s\u0105 nadal zinternalizowane jako obce postacie.<\/p>\n<p>Przyk\u0142ad: Kobieta pracuj\u0105ca w sekretariacie czu\u0142a si\u0119 napastowana seksualnie przez koleg\u0119. Chocia\u017c kole\u017canka stara\u0142a si\u0119 unika\u0107 kontaktu z ni\u0105. Z zewn\u0105trz<\/p>\n<p>Kiedy poproszono j\u0105 o wyra\u017cenie opinii, sytuacja ta wywo\u0142a\u0142a fantazje o tym, czego chcia\u0142a, czego chcia\u0142a kole\u017canka. Wed\u0142ug prawdopodobie\u0144stwa, \u017ce nie \u017cyczy\u0142 sobie \u017cadnego kontaktu z ni\u0105, mo\u017cna przypuszcza\u0107, \u017ce jej \u017cyczenia zosta\u0142y mu przekazane. Inn\u0105 form\u0105 projekcji jest umieszczenie w\u0142asnych pomys\u0142\u00f3w w silniejszych osobach lub istotach w celu podkre\u015blenia tych uzasadnie\u0144. Mo\u017cna to nazwa\u0107 konfliktem w\u0142adzy (Andrawis A, 2018).<\/p>\n<p><strong>Identyfikacja projektowa <\/strong><\/p>\n<p>W nawi\u0105zaniu do terminu projekcja, poj\u0119cie wczesnego urazu dzieci\u0119cego w formie identyfikacji projekcyjnej. Zwi\u0105zana ze szko\u0142\u0105 Melanie Klein, &#8222;teorie relacji obiektowych&#8221;\/reprezentacja obiekt\u00f3w obcych (kozio\u0142 ofiarny), jej tematy badawcze dotycz\u0105ce wczesnych uraz\u00f3w z dzieci\u0144stwa jako mechanizm\u00f3w obronnych s\u0105 opisane i dalej rozwijane. W tych formach proces\u00f3w projekcyjnych jednym z cel\u00f3w projekcji jest dostosowanie oczekiwa\u0144 behawioralnych projekcji do nie\u015bwiadomych wp\u0142yw\u00f3w i doprowadzenie do zachowa\u0144 manipulacyjnych. Tu chodzi o percepcj\u0119 selektywn\u0105, dlatego forma projekcji jedynie dostosowuje si\u0119 do jego percepcji r\u00f3wnie\u017c w\u0142asnej skali. Preferowana jest zatem w\u0142asna wyobra\u017ania. Manipulacje interpersonalne s\u0105 nawet wystarczaj\u0105co konieczne do zdiagnozowania Identyfikacji Projekcyjnej (ibid.).<\/p>\n<p>Istniej\u0105 dwa r\u00f3\u017cne powody pojawienia si\u0119 identyfikacji wizualnej. Z jednej strony, interakcja jest cz\u0119\u015bci\u0105 definicji Identyfikacji Projekcyjnej z archaicznych mechanizm\u00f3w obronnych, a z drugiej strony z innych zaburze\u0144 psychicznych.<\/p>\n<p><strong>Transmisja neurotyczna <\/strong><\/p>\n<p>Nieprzytomny natomiast jest komor\u0105 poch\u00f3wku, magazynem, w kt\u00f3rym przechowywane s\u0105 wszelkie represje, urazy i rozgoryczenia, kt\u00f3rych nigdy nie odkryto ani nie przetworzono.<\/p>\n<p>Strach jest na pierwszym planie, gdy pr\u00f3buje si\u0119 odkry\u0107 nieprzytomnego. Dlaczego tak jest? Strach chce nas chroni\u0107 przed bolesnym odkryciem, dlatego blokuje nam drog\u0119 do nie\u015bwiadomo\u015bci.<\/p>\n<p>Dla komunikacji mi\u0119dzyludzkiej oznacza to, \u017ce relacja ta jest zagro\u017cona przez afekty i dlatego relacje mi\u0119dzyludzkie s\u0105 niszczone. Na wi\u0119ksz\u0105 skal\u0119 mo\u017cna r\u00f3wnie\u017c prowadzi\u0107 wojny. Mo\u017cna to wyt\u0142umaczy\u0107 aktualnym przyk\u0142adem fanatyzmu religijnego. Fanatycy religijni wykazuj\u0105 zachowania paranoiczne na zewn\u0105trz i z powodu oddzia\u0142ywa\u0144 nie\u015bwiadomo\u015bci \u015bwiat wewn\u0119trzny i zewn\u0119trzny nie mog\u0105 si\u0119 komunikowa\u0107 (tam\u017ce).<\/p>\n<p>Jak ju\u017c wspomniano, nie\u015bwiadomo\u015b\u0107 mo\u017cna wyobrazi\u0107 sobie jako komor\u0119 poch\u00f3wku, w kt\u00f3rej przechowywane s\u0105 wszelkie represje i ich destrukcyjne wzorce zachowa\u0144 infantylnych, kt\u00f3re przejawiaj\u0105 si\u0119 w r\u00f3\u017cnych sytuacjach jako syndrom lub objaw, na przyk\u0142ad jako transmisja.<\/p>\n<p>Z zajezdni komory poch\u00f3wku ustala si\u0119 wz\u00f3r zachowania, kt\u00f3ry jest nieprzytomny i jest r\u00f3wnie\u017c przenoszony na zewn\u0105trz. W psychoanalizie PA, nazywamy je zewn\u0119trznie przenoszonymi wzorcami &#8222;zjawiskami transmisyjnymi&#8221; (transmisj\u0105 neurotyczn\u0105). Maj\u0105 one negatywny wp\u0142yw na relacje mi\u0119dzyludzkie (ibid.).<\/p>\n<p><strong>Literatura <\/strong><\/p>\n<p>&#8211; Karl K\u00f6nig: (2007), Mechanizmy obronne. Vanenhoeck i Ruprecht, Wydawnictwo G\u00f6ttigen Zurich.<\/p>\n<p>&#8211; Stavros Mentzos: (1992), Neurotic Conflict Processing, Introduction to Psychoanalytic Neuroscience with New Perspectives. Fischer, Wydawnictwo Frankfurt am Main.<\/p>\n<p>&#8211; Mentzos Stavros, (2010): Neurotic Conflict Processing. Wprowadzenie do neurobiologii psychoanalitycznej z uwzgl\u0119dnieniem nowych perspektyw, Fischer Verlag.<\/p>\n<p>&#8211; C G Jung: (1921,8.wydanie 1950), Typy psychologiczne cytowane po GW6: \u00a7793<\/p>\n<p>&#8211; C G Young (1927-1950): The Structure of the Soul Cited in GW8: \u00a7325<\/p>\n<p>&#8211; C G jung (1936 Archiwum. 1954): O archetypie ze szczeg\u00f3lnym uwzgl\u0119dnieniem poj\u0119cia anima. GW8: \u00a7111-147, odniesienia patrz GW \/1:\u00a7 120-22.<\/p>\n<p>&#8211; C G jung (1938-1954): Psychologiczne aspekty archetypu matki. GW9\/1: \u00a7148siee \u00a7172-183.<\/p>\n<p>&#8211; Melanie K,( 1992): Life and Work , Phyllis Grosskurtth, red. Klett-Cotta \/J. G.<\/p>\n<p>&#8211; Klein M, (2006): Das Seelenleben des Kleinkindes und andere Beitr\u00e4ge zur Psychoanalyse, Klett-Cotta Verlag.<\/p>\n<p>Dr. Andrawis<\/p>\n<p><a href=\"https:\/\/www.andrawis-akademie.com\/wp-content\/uploads\/2020\/07\/17PROJ1.DOC.pdf\"><img loading=\"lazy\" decoding=\"async\" class=\"aligncenter wp-image-3073\" src=\"https:\/\/www.andrawis-akademie.com\/wp-content\/uploads\/2019\/04\/download_pdf_button_png_413958-300x87.png\" alt=\"\" width=\"180\" height=\"52\" srcset=\"https:\/\/www.andrawis-akademie.com\/wp-content\/uploads\/2019\/04\/download_pdf_button_png_413958-300x87.png 300w, https:\/\/www.andrawis-akademie.com\/wp-content\/uploads\/2019\/04\/download_pdf_button_png_413958-450x130.png 450w, https:\/\/www.andrawis-akademie.com\/wp-content\/uploads\/2019\/04\/download_pdf_button_png_413958.png 520w\" sizes=\"auto, (max-width: 180px) 100vw, 180px\" \/><\/a><\/p>\n<\/div><\/section><\/div>\n","protected":false},"excerpt":{"rendered":"","protected":false},"author":5,"featured_media":0,"comment_status":"open","ping_status":"open","sticky":false,"template":"","format":"standard","meta":{"footnotes":""},"categories":[7],"tags":[],"class_list":["post-4052","post","type-post","status-publish","format-standard","hentry","category-tematy-psychoanalutyczne"],"yoast_head":"<!-- This site is optimized with the Yoast SEO plugin v27.3 - https:\/\/yoast.com\/product\/yoast-seo-wordpress\/ -->\n<title>Projekcja i neurotyczne zjawiska transferencyjne w psychoanalizie - Prof. Dr. Andrawis Akademie f\u00fcr Ganzheitliche Medizin Psychosomatik und Psychotherapie<\/title>\n<meta name=\"robots\" content=\"index, follow, max-snippet:-1, max-image-preview:large, max-video-preview:-1\" \/>\n<link rel=\"canonical\" href=\"https:\/\/www.andrawis-akademie.com\/pl\/projekcja-i-neurotyczne-zjawiska-transferencyjne-w-psychoanalizie\/\" \/>\n<meta property=\"og:locale\" content=\"pl_PL\" \/>\n<meta property=\"og:type\" content=\"article\" \/>\n<meta property=\"og:title\" content=\"Projekcja i neurotyczne zjawiska transferencyjne w psychoanalizie - Prof. Dr. Andrawis Akademie f\u00fcr Ganzheitliche Medizin Psychosomatik und Psychotherapie\" \/>\n<meta property=\"og:url\" content=\"https:\/\/www.andrawis-akademie.com\/pl\/projekcja-i-neurotyczne-zjawiska-transferencyjne-w-psychoanalizie\/\" \/>\n<meta property=\"og:site_name\" content=\"Prof. Dr. Andrawis Akademie f\u00fcr Ganzheitliche Medizin Psychosomatik und Psychotherapie\" \/>\n<meta property=\"article:published_time\" content=\"2020-07-07T09:50:55+00:00\" \/>\n<meta property=\"article:modified_time\" content=\"2020-07-07T09:57:32+00:00\" \/>\n<meta property=\"og:image\" content=\"https:\/\/www.andrawis-akademie.com\/wp-content\/uploads\/2019\/04\/download_pdf_button_png_413958-300x87.png\" \/>\n<meta name=\"author\" content=\"Viktor Toth\" \/>\n<meta name=\"twitter:card\" content=\"summary_large_image\" \/>\n<meta name=\"twitter:label1\" content=\"Napisane przez\" \/>\n\t<meta name=\"twitter:data1\" content=\"Viktor Toth\" \/>\n\t<meta name=\"twitter:label2\" content=\"Szacowany czas czytania\" \/>\n\t<meta name=\"twitter:data2\" content=\"6 minut\" \/>\n<script type=\"application\/ld+json\" class=\"yoast-schema-graph\">{\"@context\":\"https:\\\/\\\/schema.org\",\"@graph\":[{\"@type\":\"Article\",\"@id\":\"https:\\\/\\\/www.andrawis-akademie.com\\\/pl\\\/projekcja-i-neurotyczne-zjawiska-transferencyjne-w-psychoanalizie\\\/#article\",\"isPartOf\":{\"@id\":\"https:\\\/\\\/www.andrawis-akademie.com\\\/pl\\\/projekcja-i-neurotyczne-zjawiska-transferencyjne-w-psychoanalizie\\\/\"},\"author\":{\"name\":\"Viktor Toth\",\"@id\":\"https:\\\/\\\/www.andrawis-akademie.com\\\/pl\\\/#\\\/schema\\\/person\\\/742f3ef4c1a559bc9bb5f27939c2fb0a\"},\"headline\":\"Projekcja i neurotyczne zjawiska transferencyjne w psychoanalizie\",\"datePublished\":\"2020-07-07T09:50:55+00:00\",\"dateModified\":\"2020-07-07T09:57:32+00:00\",\"mainEntityOfPage\":{\"@id\":\"https:\\\/\\\/www.andrawis-akademie.com\\\/pl\\\/projekcja-i-neurotyczne-zjawiska-transferencyjne-w-psychoanalizie\\\/\"},\"wordCount\":1117,\"commentCount\":0,\"image\":{\"@id\":\"https:\\\/\\\/www.andrawis-akademie.com\\\/pl\\\/projekcja-i-neurotyczne-zjawiska-transferencyjne-w-psychoanalizie\\\/#primaryimage\"},\"thumbnailUrl\":\"https:\\\/\\\/www.andrawis-akademie.com\\\/wp-content\\\/uploads\\\/2019\\\/04\\\/download_pdf_button_png_413958-300x87.png\",\"articleSection\":[\"1.Tematy psychoanalutyczne\"],\"inLanguage\":\"pl-PL\"},{\"@type\":\"WebPage\",\"@id\":\"https:\\\/\\\/www.andrawis-akademie.com\\\/pl\\\/projekcja-i-neurotyczne-zjawiska-transferencyjne-w-psychoanalizie\\\/\",\"url\":\"https:\\\/\\\/www.andrawis-akademie.com\\\/pl\\\/projekcja-i-neurotyczne-zjawiska-transferencyjne-w-psychoanalizie\\\/\",\"name\":\"Projekcja i neurotyczne zjawiska transferencyjne w psychoanalizie - Prof. Dr. Andrawis Akademie f\u00fcr Ganzheitliche Medizin Psychosomatik und Psychotherapie\",\"isPartOf\":{\"@id\":\"https:\\\/\\\/www.andrawis-akademie.com\\\/pl\\\/#website\"},\"primaryImageOfPage\":{\"@id\":\"https:\\\/\\\/www.andrawis-akademie.com\\\/pl\\\/projekcja-i-neurotyczne-zjawiska-transferencyjne-w-psychoanalizie\\\/#primaryimage\"},\"image\":{\"@id\":\"https:\\\/\\\/www.andrawis-akademie.com\\\/pl\\\/projekcja-i-neurotyczne-zjawiska-transferencyjne-w-psychoanalizie\\\/#primaryimage\"},\"thumbnailUrl\":\"https:\\\/\\\/www.andrawis-akademie.com\\\/wp-content\\\/uploads\\\/2019\\\/04\\\/download_pdf_button_png_413958-300x87.png\",\"datePublished\":\"2020-07-07T09:50:55+00:00\",\"dateModified\":\"2020-07-07T09:57:32+00:00\",\"author\":{\"@id\":\"https:\\\/\\\/www.andrawis-akademie.com\\\/pl\\\/#\\\/schema\\\/person\\\/742f3ef4c1a559bc9bb5f27939c2fb0a\"},\"breadcrumb\":{\"@id\":\"https:\\\/\\\/www.andrawis-akademie.com\\\/pl\\\/projekcja-i-neurotyczne-zjawiska-transferencyjne-w-psychoanalizie\\\/#breadcrumb\"},\"inLanguage\":\"pl-PL\",\"potentialAction\":[{\"@type\":\"ReadAction\",\"target\":[\"https:\\\/\\\/www.andrawis-akademie.com\\\/pl\\\/projekcja-i-neurotyczne-zjawiska-transferencyjne-w-psychoanalizie\\\/\"]}]},{\"@type\":\"ImageObject\",\"inLanguage\":\"pl-PL\",\"@id\":\"https:\\\/\\\/www.andrawis-akademie.com\\\/pl\\\/projekcja-i-neurotyczne-zjawiska-transferencyjne-w-psychoanalizie\\\/#primaryimage\",\"url\":\"https:\\\/\\\/www.andrawis-akademie.com\\\/wp-content\\\/uploads\\\/2019\\\/04\\\/download_pdf_button_png_413958-300x87.png\",\"contentUrl\":\"https:\\\/\\\/www.andrawis-akademie.com\\\/wp-content\\\/uploads\\\/2019\\\/04\\\/download_pdf_button_png_413958-300x87.png\"},{\"@type\":\"BreadcrumbList\",\"@id\":\"https:\\\/\\\/www.andrawis-akademie.com\\\/pl\\\/projekcja-i-neurotyczne-zjawiska-transferencyjne-w-psychoanalizie\\\/#breadcrumb\",\"itemListElement\":[{\"@type\":\"ListItem\",\"position\":1,\"name\":\"Startseite\",\"item\":\"https:\\\/\\\/www.andrawis-akademie.com\\\/pl\\\/home\\\/\"},{\"@type\":\"ListItem\",\"position\":2,\"name\":\"Projekcja i neurotyczne zjawiska transferencyjne w psychoanalizie\"}]},{\"@type\":\"WebSite\",\"@id\":\"https:\\\/\\\/www.andrawis-akademie.com\\\/pl\\\/#website\",\"url\":\"https:\\\/\\\/www.andrawis-akademie.com\\\/pl\\\/\",\"name\":\"Prof. Dr. Andrawis Akademie f\u00fcr Ganzheitliche Medizin Psychosomatik und Psychotherapie\",\"description\":\"Prof. Dr. Andrawis Andrawis Psychotherapie - Wissenschaft &amp; Psychoanalyse\",\"potentialAction\":[{\"@type\":\"SearchAction\",\"target\":{\"@type\":\"EntryPoint\",\"urlTemplate\":\"https:\\\/\\\/www.andrawis-akademie.com\\\/pl\\\/?s={search_term_string}\"},\"query-input\":{\"@type\":\"PropertyValueSpecification\",\"valueRequired\":true,\"valueName\":\"search_term_string\"}}],\"inLanguage\":\"pl-PL\"},{\"@type\":\"Person\",\"@id\":\"https:\\\/\\\/www.andrawis-akademie.com\\\/pl\\\/#\\\/schema\\\/person\\\/742f3ef4c1a559bc9bb5f27939c2fb0a\",\"name\":\"Viktor Toth\",\"image\":{\"@type\":\"ImageObject\",\"inLanguage\":\"pl-PL\",\"@id\":\"https:\\\/\\\/secure.gravatar.com\\\/avatar\\\/3f782e6f56d5ccd59c2514ab8afb24b8a235e2c9632835123a4d4a9a5539e073?s=96&d=mm&r=g\",\"url\":\"https:\\\/\\\/secure.gravatar.com\\\/avatar\\\/3f782e6f56d5ccd59c2514ab8afb24b8a235e2c9632835123a4d4a9a5539e073?s=96&d=mm&r=g\",\"contentUrl\":\"https:\\\/\\\/secure.gravatar.com\\\/avatar\\\/3f782e6f56d5ccd59c2514ab8afb24b8a235e2c9632835123a4d4a9a5539e073?s=96&d=mm&r=g\",\"caption\":\"Viktor Toth\"},\"url\":\"https:\\\/\\\/www.andrawis-akademie.com\\\/pl\\\/author\\\/t-vektor007gmail-com\\\/\"}]}<\/script>\n<!-- \/ Yoast SEO plugin. -->","yoast_head_json":{"title":"Projekcja i neurotyczne zjawiska transferencyjne w psychoanalizie - Prof. Dr. Andrawis Akademie f\u00fcr Ganzheitliche Medizin Psychosomatik und Psychotherapie","robots":{"index":"index","follow":"follow","max-snippet":"max-snippet:-1","max-image-preview":"max-image-preview:large","max-video-preview":"max-video-preview:-1"},"canonical":"https:\/\/www.andrawis-akademie.com\/pl\/projekcja-i-neurotyczne-zjawiska-transferencyjne-w-psychoanalizie\/","og_locale":"pl_PL","og_type":"article","og_title":"Projekcja i neurotyczne zjawiska transferencyjne w psychoanalizie - Prof. Dr. Andrawis Akademie f\u00fcr Ganzheitliche Medizin Psychosomatik und Psychotherapie","og_url":"https:\/\/www.andrawis-akademie.com\/pl\/projekcja-i-neurotyczne-zjawiska-transferencyjne-w-psychoanalizie\/","og_site_name":"Prof. Dr. Andrawis Akademie f\u00fcr Ganzheitliche Medizin Psychosomatik und Psychotherapie","article_published_time":"2020-07-07T09:50:55+00:00","article_modified_time":"2020-07-07T09:57:32+00:00","og_image":[{"url":"https:\/\/www.andrawis-akademie.com\/wp-content\/uploads\/2019\/04\/download_pdf_button_png_413958-300x87.png","type":"","width":"","height":""}],"author":"Viktor Toth","twitter_card":"summary_large_image","twitter_misc":{"Napisane przez":"Viktor Toth","Szacowany czas czytania":"6 minut"},"schema":{"@context":"https:\/\/schema.org","@graph":[{"@type":"Article","@id":"https:\/\/www.andrawis-akademie.com\/pl\/projekcja-i-neurotyczne-zjawiska-transferencyjne-w-psychoanalizie\/#article","isPartOf":{"@id":"https:\/\/www.andrawis-akademie.com\/pl\/projekcja-i-neurotyczne-zjawiska-transferencyjne-w-psychoanalizie\/"},"author":{"name":"Viktor Toth","@id":"https:\/\/www.andrawis-akademie.com\/pl\/#\/schema\/person\/742f3ef4c1a559bc9bb5f27939c2fb0a"},"headline":"Projekcja i neurotyczne zjawiska transferencyjne w psychoanalizie","datePublished":"2020-07-07T09:50:55+00:00","dateModified":"2020-07-07T09:57:32+00:00","mainEntityOfPage":{"@id":"https:\/\/www.andrawis-akademie.com\/pl\/projekcja-i-neurotyczne-zjawiska-transferencyjne-w-psychoanalizie\/"},"wordCount":1117,"commentCount":0,"image":{"@id":"https:\/\/www.andrawis-akademie.com\/pl\/projekcja-i-neurotyczne-zjawiska-transferencyjne-w-psychoanalizie\/#primaryimage"},"thumbnailUrl":"https:\/\/www.andrawis-akademie.com\/wp-content\/uploads\/2019\/04\/download_pdf_button_png_413958-300x87.png","articleSection":["1.Tematy psychoanalutyczne"],"inLanguage":"pl-PL"},{"@type":"WebPage","@id":"https:\/\/www.andrawis-akademie.com\/pl\/projekcja-i-neurotyczne-zjawiska-transferencyjne-w-psychoanalizie\/","url":"https:\/\/www.andrawis-akademie.com\/pl\/projekcja-i-neurotyczne-zjawiska-transferencyjne-w-psychoanalizie\/","name":"Projekcja i neurotyczne zjawiska transferencyjne w psychoanalizie - Prof. Dr. Andrawis Akademie f\u00fcr Ganzheitliche Medizin Psychosomatik und Psychotherapie","isPartOf":{"@id":"https:\/\/www.andrawis-akademie.com\/pl\/#website"},"primaryImageOfPage":{"@id":"https:\/\/www.andrawis-akademie.com\/pl\/projekcja-i-neurotyczne-zjawiska-transferencyjne-w-psychoanalizie\/#primaryimage"},"image":{"@id":"https:\/\/www.andrawis-akademie.com\/pl\/projekcja-i-neurotyczne-zjawiska-transferencyjne-w-psychoanalizie\/#primaryimage"},"thumbnailUrl":"https:\/\/www.andrawis-akademie.com\/wp-content\/uploads\/2019\/04\/download_pdf_button_png_413958-300x87.png","datePublished":"2020-07-07T09:50:55+00:00","dateModified":"2020-07-07T09:57:32+00:00","author":{"@id":"https:\/\/www.andrawis-akademie.com\/pl\/#\/schema\/person\/742f3ef4c1a559bc9bb5f27939c2fb0a"},"breadcrumb":{"@id":"https:\/\/www.andrawis-akademie.com\/pl\/projekcja-i-neurotyczne-zjawiska-transferencyjne-w-psychoanalizie\/#breadcrumb"},"inLanguage":"pl-PL","potentialAction":[{"@type":"ReadAction","target":["https:\/\/www.andrawis-akademie.com\/pl\/projekcja-i-neurotyczne-zjawiska-transferencyjne-w-psychoanalizie\/"]}]},{"@type":"ImageObject","inLanguage":"pl-PL","@id":"https:\/\/www.andrawis-akademie.com\/pl\/projekcja-i-neurotyczne-zjawiska-transferencyjne-w-psychoanalizie\/#primaryimage","url":"https:\/\/www.andrawis-akademie.com\/wp-content\/uploads\/2019\/04\/download_pdf_button_png_413958-300x87.png","contentUrl":"https:\/\/www.andrawis-akademie.com\/wp-content\/uploads\/2019\/04\/download_pdf_button_png_413958-300x87.png"},{"@type":"BreadcrumbList","@id":"https:\/\/www.andrawis-akademie.com\/pl\/projekcja-i-neurotyczne-zjawiska-transferencyjne-w-psychoanalizie\/#breadcrumb","itemListElement":[{"@type":"ListItem","position":1,"name":"Startseite","item":"https:\/\/www.andrawis-akademie.com\/pl\/home\/"},{"@type":"ListItem","position":2,"name":"Projekcja i neurotyczne zjawiska transferencyjne w psychoanalizie"}]},{"@type":"WebSite","@id":"https:\/\/www.andrawis-akademie.com\/pl\/#website","url":"https:\/\/www.andrawis-akademie.com\/pl\/","name":"Prof. Dr. Andrawis Akademie f\u00fcr Ganzheitliche Medizin Psychosomatik und Psychotherapie","description":"Prof. Dr. Andrawis Andrawis Psychotherapie - Wissenschaft &amp; Psychoanalyse","potentialAction":[{"@type":"SearchAction","target":{"@type":"EntryPoint","urlTemplate":"https:\/\/www.andrawis-akademie.com\/pl\/?s={search_term_string}"},"query-input":{"@type":"PropertyValueSpecification","valueRequired":true,"valueName":"search_term_string"}}],"inLanguage":"pl-PL"},{"@type":"Person","@id":"https:\/\/www.andrawis-akademie.com\/pl\/#\/schema\/person\/742f3ef4c1a559bc9bb5f27939c2fb0a","name":"Viktor Toth","image":{"@type":"ImageObject","inLanguage":"pl-PL","@id":"https:\/\/secure.gravatar.com\/avatar\/3f782e6f56d5ccd59c2514ab8afb24b8a235e2c9632835123a4d4a9a5539e073?s=96&d=mm&r=g","url":"https:\/\/secure.gravatar.com\/avatar\/3f782e6f56d5ccd59c2514ab8afb24b8a235e2c9632835123a4d4a9a5539e073?s=96&d=mm&r=g","contentUrl":"https:\/\/secure.gravatar.com\/avatar\/3f782e6f56d5ccd59c2514ab8afb24b8a235e2c9632835123a4d4a9a5539e073?s=96&d=mm&r=g","caption":"Viktor Toth"},"url":"https:\/\/www.andrawis-akademie.com\/pl\/author\/t-vektor007gmail-com\/"}]}},"_links":{"self":[{"href":"https:\/\/www.andrawis-akademie.com\/pl\/wp-json\/wp\/v2\/posts\/4052","targetHints":{"allow":["GET"]}}],"collection":[{"href":"https:\/\/www.andrawis-akademie.com\/pl\/wp-json\/wp\/v2\/posts"}],"about":[{"href":"https:\/\/www.andrawis-akademie.com\/pl\/wp-json\/wp\/v2\/types\/post"}],"author":[{"embeddable":true,"href":"https:\/\/www.andrawis-akademie.com\/pl\/wp-json\/wp\/v2\/users\/5"}],"replies":[{"embeddable":true,"href":"https:\/\/www.andrawis-akademie.com\/pl\/wp-json\/wp\/v2\/comments?post=4052"}],"version-history":[{"count":5,"href":"https:\/\/www.andrawis-akademie.com\/pl\/wp-json\/wp\/v2\/posts\/4052\/revisions"}],"predecessor-version":[{"id":4060,"href":"https:\/\/www.andrawis-akademie.com\/pl\/wp-json\/wp\/v2\/posts\/4052\/revisions\/4060"}],"wp:attachment":[{"href":"https:\/\/www.andrawis-akademie.com\/pl\/wp-json\/wp\/v2\/media?parent=4052"}],"wp:term":[{"taxonomy":"category","embeddable":true,"href":"https:\/\/www.andrawis-akademie.com\/pl\/wp-json\/wp\/v2\/categories?post=4052"},{"taxonomy":"post_tag","embeddable":true,"href":"https:\/\/www.andrawis-akademie.com\/pl\/wp-json\/wp\/v2\/tags?post=4052"}],"curies":[{"name":"wp","href":"https:\/\/api.w.org\/{rel}","templated":true}]}}